{"id":9848,"date":"2025-04-21T12:55:02","date_gmt":"2025-04-21T15:55:02","guid":{"rendered":"https:\/\/sanignacioconcepcion.cl\/sitio\/?p=9848"},"modified":"2025-04-21T12:57:55","modified_gmt":"2025-04-21T15:57:55","slug":"educadores-del-colegio-san-ignacio-participaron-en-via-crucis-de-jueves-santo","status":"publish","type":"post","link":"http:\/\/sanignacioconcepcion.cl\/sitio\/educadores-del-colegio-san-ignacio-participaron-en-via-crucis-de-jueves-santo\/","title":{"rendered":"Educadores del Colegio San Ignacio participaron en V\u00eda Crucis de Jueves Santo"},"content":{"rendered":"<p class=\"\" data-start=\"213\" data-end=\"407\">Con recogimiento y esp\u00edritu de comunidad, los educadores del Colegio San Ignacio Concepci\u00f3n participaron en un significativo <strong data-start=\"338\" data-end=\"406\">V\u00eda Crucis realizado en dependencias del colegio el Jueves Santo<\/strong>.<\/p>\n<p class=\"\" data-start=\"409\" data-end=\"715\">Durante el recorrido por las distintas estaciones, se reflexion\u00f3 sobre el camino de Jes\u00fas hacia la cruz, conectando su entrega con los desaf\u00edos y esperanzas de nuestra labor educativa. Fue un momento de oraci\u00f3n, contemplaci\u00f3n y unidad, que permiti\u00f3 vivir de manera profunda el sentido de esta Semana Santa. <a href=\"https:\/\/photos.app.goo.gl\/J1ktrqzGqfKZyjfB9\">Ver fotos<\/a><\/p>\n","protected":false},"excerpt":{"rendered":"<p>Con recogimiento y esp\u00edritu de comunidad, los educadores del Colegio San Ignacio Concepci\u00f3n participaron en un significativo V\u00eda Crucis realizado en dependencias del colegio el Jueves Santo. Durante el recorrido por las distintas estaciones, se reflexion\u00f3 sobre el camino de Jes\u00fas hacia la cruz, conectando su entrega con los desaf\u00edos y esperanzas de nuestra labor&hellip;<\/p>\n","protected":false},"author":1,"featured_media":9850,"comment_status":"closed","ping_status":"closed","sticky":false,"template":"","format":"standard","meta":[],"categories":[4],"tags":[],"_links":{"self":[{"href":"http:\/\/sanignacioconcepcion.cl\/sitio\/wp-json\/wp\/v2\/posts\/9848"}],"collection":[{"href":"http:\/\/sanignacioconcepcion.cl\/sitio\/wp-json\/wp\/v2\/posts"}],"about":[{"href":"http:\/\/sanignacioconcepcion.cl\/sitio\/wp-json\/wp\/v2\/types\/post"}],"author":[{"embeddable":true,"href":"http:\/\/sanignacioconcepcion.cl\/sitio\/wp-json\/wp\/v2\/users\/1"}],"replies":[{"embeddable":true,"href":"http:\/\/sanignacioconcepcion.cl\/sitio\/wp-json\/wp\/v2\/comments?post=9848"}],"version-history":[{"count":1,"href":"http:\/\/sanignacioconcepcion.cl\/sitio\/wp-json\/wp\/v2\/posts\/9848\/revisions"}],"predecessor-version":[{"id":9849,"href":"http:\/\/sanignacioconcepcion.cl\/sitio\/wp-json\/wp\/v2\/posts\/9848\/revisions\/9849"}],"wp:featuredmedia":[{"embeddable":true,"href":"http:\/\/sanignacioconcepcion.cl\/sitio\/wp-json\/wp\/v2\/media\/9850"}],"wp:attachment":[{"href":"http:\/\/sanignacioconcepcion.cl\/sitio\/wp-json\/wp\/v2\/media?parent=9848"}],"wp:term":[{"taxonomy":"category","embeddable":true,"href":"http:\/\/sanignacioconcepcion.cl\/sitio\/wp-json\/wp\/v2\/categories?post=9848"},{"taxonomy":"post_tag","embeddable":true,"href":"http:\/\/sanignacioconcepcion.cl\/sitio\/wp-json\/wp\/v2\/tags?post=9848"}],"curies":[{"name":"wp","href":"https:\/\/api.w.org\/{rel}","templated":true}]}}