{"id":9851,"date":"2025-04-21T13:41:43","date_gmt":"2025-04-21T16:41:43","guid":{"rendered":"https:\/\/sanignacioconcepcion.cl\/sitio\/?p=9851"},"modified":"2025-04-21T13:41:43","modified_gmt":"2025-04-21T16:41:43","slug":"fin-de-semana-santo-en-comunidad","status":"publish","type":"post","link":"http:\/\/sanignacioconcepcion.cl\/sitio\/fin-de-semana-santo-en-comunidad\/","title":{"rendered":"Fin de Semana Santo en Comunidad"},"content":{"rendered":"<p class=\"\" data-start=\"266\" data-end=\"548\">Durante este fin de semana, la Comunidad Ignaciana se reuni\u00f3 para vivir con profundidad y recogimiento los misterios centrales de nuestra fe, en una serie de actividades que se desarrollaron en la capilla y distintos espacios del colegio.<\/p>\n<p class=\"\" data-start=\"550\" data-end=\"793\">El <strong>Jueves Santo<\/strong> celebramos la Eucarist\u00eda de la \u00daltima Cena, donde se realiz\u00f3 el significativo gesto del lavado de pies, recordando el ejemplo de humildad y servicio de Jes\u00fas hacia sus disc\u00edpulos.<\/p>\n<p class=\"\" data-start=\"795\" data-end=\"1163\">El <strong data-start=\"798\" data-end=\"815\">Viernes Santo<\/strong>, la comunidad fue invitada a participar de un retiro espiritual, instancia de silencio, meditaci\u00f3n y contemplaci\u00f3n, que permiti\u00f3 profundizar en el sentido del sacrificio de Cristo. M\u00e1s tarde, se llev\u00f3 a cabo la Oraci\u00f3n de la Pasi\u00f3n del Se\u00f1or, momento solemne y conmovedor donde se record\u00f3 la entrega total de Jes\u00fas por amor a la humanidad.<\/p>\n<p class=\"\" data-start=\"1165\" data-end=\"1400\">Finalmente, el S\u00e1bado,\u00a0celebramos con gozo la <strong data-start=\"1221\" data-end=\"1240\">Vigilia Pascual<\/strong>, donde la luz del Cirio Pascual ilumin\u00f3 la esperanza de la resurrecci\u00f3n y renovamos nuestras promesas bautismales en comunidad.<\/p>\n<p class=\"\" data-start=\"1402\" data-end=\"1619\">Agradecemos a cada uno de los miembros de la comunidad educativa que particip\u00f3 activamente, y a quienes hicieron posible estos encuentros de fe, que fortalecen nuestro esp\u00edritu ignaciano y nuestra misi\u00f3n como Colegio.<\/p>\n","protected":false},"excerpt":{"rendered":"<p>Durante este fin de semana, la Comunidad Ignaciana se reuni\u00f3 para vivir con profundidad y recogimiento los misterios centrales de nuestra fe, en una serie de actividades que se desarrollaron en la capilla y distintos espacios del colegio. El Jueves Santo celebramos la Eucarist\u00eda de la \u00daltima Cena, donde se realiz\u00f3 el significativo gesto del&hellip;<\/p>\n","protected":false},"author":1,"featured_media":9852,"comment_status":"closed","ping_status":"closed","sticky":false,"template":"","format":"standard","meta":[],"categories":[4],"tags":[],"_links":{"self":[{"href":"http:\/\/sanignacioconcepcion.cl\/sitio\/wp-json\/wp\/v2\/posts\/9851"}],"collection":[{"href":"http:\/\/sanignacioconcepcion.cl\/sitio\/wp-json\/wp\/v2\/posts"}],"about":[{"href":"http:\/\/sanignacioconcepcion.cl\/sitio\/wp-json\/wp\/v2\/types\/post"}],"author":[{"embeddable":true,"href":"http:\/\/sanignacioconcepcion.cl\/sitio\/wp-json\/wp\/v2\/users\/1"}],"replies":[{"embeddable":true,"href":"http:\/\/sanignacioconcepcion.cl\/sitio\/wp-json\/wp\/v2\/comments?post=9851"}],"version-history":[{"count":1,"href":"http:\/\/sanignacioconcepcion.cl\/sitio\/wp-json\/wp\/v2\/posts\/9851\/revisions"}],"predecessor-version":[{"id":9853,"href":"http:\/\/sanignacioconcepcion.cl\/sitio\/wp-json\/wp\/v2\/posts\/9851\/revisions\/9853"}],"wp:featuredmedia":[{"embeddable":true,"href":"http:\/\/sanignacioconcepcion.cl\/sitio\/wp-json\/wp\/v2\/media\/9852"}],"wp:attachment":[{"href":"http:\/\/sanignacioconcepcion.cl\/sitio\/wp-json\/wp\/v2\/media?parent=9851"}],"wp:term":[{"taxonomy":"category","embeddable":true,"href":"http:\/\/sanignacioconcepcion.cl\/sitio\/wp-json\/wp\/v2\/categories?post=9851"},{"taxonomy":"post_tag","embeddable":true,"href":"http:\/\/sanignacioconcepcion.cl\/sitio\/wp-json\/wp\/v2\/tags?post=9851"}],"curies":[{"name":"wp","href":"https:\/\/api.w.org\/{rel}","templated":true}]}}