{"id":9854,"date":"2025-04-21T14:42:42","date_gmt":"2025-04-21T17:42:42","guid":{"rendered":"https:\/\/sanignacioconcepcion.cl\/sitio\/?p=9854"},"modified":"2025-04-21T14:53:42","modified_gmt":"2025-04-21T17:53:42","slug":"celebracion-de-pascua-de-resurreccion-en-el-sic","status":"publish","type":"post","link":"http:\/\/sanignacioconcepcion.cl\/sitio\/celebracion-de-pascua-de-resurreccion-en-el-sic\/","title":{"rendered":"Celebraci\u00f3n de Pascua de Resurrecci\u00f3n en el SIC"},"content":{"rendered":"<p><span style=\"font-weight: 400;\">Este lunes, nuestra comunidad educativa celebr\u00f3 con alegr\u00eda la <\/span><b>Pascua de Resurrecci\u00f3n<\/b><span style=\"font-weight: 400;\">, recordando que la vida y la esperanza triunfan sobre la muerte. A pesar del dolor por el reciente fallecimiento del <\/span>Papa Francisco<span style=\"font-weight: 400;\">, compartimos con nuestros estudiantes el gozo de la Resurrecci\u00f3n de Jes\u00fas, signo central de nuestra fe.<\/span><\/p>\n<p><span style=\"font-weight: 400;\">Desde temprano, los ni\u00f1os y ni\u00f1as fueron recibidos con <\/span>huevitos de chocolate en la entrada del colegio, un gesto sencillo pero lleno de cari\u00f1o, s\u00edmbolo de vida nueva. Adem\u00e1s, todos llegaron con ropa de colores alegres<span style=\"font-weight: 400;\">, en un ambiente de fraternidad y celebraci\u00f3n pascual. Fue una jornada que uni\u00f3 el recuerdo agradecido y respetuoso del Papa con la esperanza viva que nos regala Cristo Resucitado. <a href=\"https:\/\/photos.app.goo.gl\/VKvs8fjtCbLrKHVf9\"><span style=\"color: #800000;\"><strong>Ver fotos<\/strong><\/span><\/a><\/span><\/p>\n","protected":false},"excerpt":{"rendered":"<p>Este lunes, nuestra comunidad educativa celebr\u00f3 con alegr\u00eda la Pascua de Resurrecci\u00f3n, recordando que la vida y la esperanza triunfan sobre la muerte. A pesar del dolor por el reciente fallecimiento del Papa Francisco, compartimos con nuestros estudiantes el gozo de la Resurrecci\u00f3n de Jes\u00fas, signo central de nuestra fe. Desde temprano, los ni\u00f1os y&hellip;<\/p>\n","protected":false},"author":1,"featured_media":9855,"comment_status":"closed","ping_status":"closed","sticky":false,"template":"","format":"standard","meta":[],"categories":[4],"tags":[],"_links":{"self":[{"href":"http:\/\/sanignacioconcepcion.cl\/sitio\/wp-json\/wp\/v2\/posts\/9854"}],"collection":[{"href":"http:\/\/sanignacioconcepcion.cl\/sitio\/wp-json\/wp\/v2\/posts"}],"about":[{"href":"http:\/\/sanignacioconcepcion.cl\/sitio\/wp-json\/wp\/v2\/types\/post"}],"author":[{"embeddable":true,"href":"http:\/\/sanignacioconcepcion.cl\/sitio\/wp-json\/wp\/v2\/users\/1"}],"replies":[{"embeddable":true,"href":"http:\/\/sanignacioconcepcion.cl\/sitio\/wp-json\/wp\/v2\/comments?post=9854"}],"version-history":[{"count":2,"href":"http:\/\/sanignacioconcepcion.cl\/sitio\/wp-json\/wp\/v2\/posts\/9854\/revisions"}],"predecessor-version":[{"id":9857,"href":"http:\/\/sanignacioconcepcion.cl\/sitio\/wp-json\/wp\/v2\/posts\/9854\/revisions\/9857"}],"wp:featuredmedia":[{"embeddable":true,"href":"http:\/\/sanignacioconcepcion.cl\/sitio\/wp-json\/wp\/v2\/media\/9855"}],"wp:attachment":[{"href":"http:\/\/sanignacioconcepcion.cl\/sitio\/wp-json\/wp\/v2\/media?parent=9854"}],"wp:term":[{"taxonomy":"category","embeddable":true,"href":"http:\/\/sanignacioconcepcion.cl\/sitio\/wp-json\/wp\/v2\/categories?post=9854"},{"taxonomy":"post_tag","embeddable":true,"href":"http:\/\/sanignacioconcepcion.cl\/sitio\/wp-json\/wp\/v2\/tags?post=9854"}],"curies":[{"name":"wp","href":"https:\/\/api.w.org\/{rel}","templated":true}]}}