{"id":9868,"date":"2025-04-22T10:50:08","date_gmt":"2025-04-22T13:50:08","guid":{"rendered":"https:\/\/sanignacioconcepcion.cl\/sitio\/?p=9868"},"modified":"2025-04-22T10:50:08","modified_gmt":"2025-04-22T13:50:08","slug":"estudiantes-participaron-en-liturgia-de-resurreccion","status":"publish","type":"post","link":"http:\/\/sanignacioconcepcion.cl\/sitio\/estudiantes-participaron-en-liturgia-de-resurreccion\/","title":{"rendered":"Estudiantes participaron en Liturgia de Resurrecci\u00f3n"},"content":{"rendered":"<p><span style=\"font-weight: 400;\">Este lunes 21 de abril, el Colegio San Ignacio de Concepci\u00f3n vivi\u00f3 una significativa jornada espiritual con la celebraci\u00f3n de la Liturgia de Resurrecci\u00f3n, realizada en dos bloques durante la ma\u00f1ana. En el primer bloque participaron los estudiantes de 7\u00b0 y 8\u00b0 b\u00e1sico, mientras que en el segundo fue el turno de los cursos de 1\u00b0 y 2\u00b0 medio.<\/span><\/p>\n<p><span style=\"font-weight: 400;\">La liturgia se centr\u00f3 en el signo de la <\/span><b>luz<\/b><span style=\"font-weight: 400;\">, s\u00edmbolo de Jes\u00fas resucitado, que vence la oscuridad y renueva la esperanza. Durante la celebraci\u00f3n, representantes de cada curso sostuvieron velas que fueron bendecidas por el Padre Juan Pablo Moyano SJ y luego encendidas desde el Cirio Pascual, en un gesto cargado de significado: <\/span><b>llevar la luz de Cristo a su curso<\/b><span style=\"font-weight: 400;\">.\u00a0<\/span><\/p>\n<p><span style=\"font-weight: 400;\">Posteriormente, se realiz\u00f3 un trabajo reflexivo donde cada estudiante escribi\u00f3 en un papel una <\/span><b>\u201cluz de su vida\u201d<\/b><span style=\"font-weight: 400;\"> \u2014algo que lo alegra, motiva o le da esperanza\u2014 y luego lo peg\u00f3 en una cartulina. Cada papel fue decorado con una llama, formando as\u00ed una gran vela simb\u00f3lica, reflejo de la luz interior de cada integrante del curso.<\/span><\/p>\n<p><span style=\"font-weight: 400;\">Esta celebraci\u00f3n no solo permiti\u00f3 conmemorar la Resurrecci\u00f3n de Jes\u00fas, sino tambi\u00e9n reforzar los v\u00ednculos comunitarios, el valor de la esperanza y la importancia de reconocer aquello que da sentido a nuestras vidas. <a href=\"https:\/\/photos.app.goo.gl\/PCNrXsUe25qM9Akf8\"><span style=\"color: #800000;\"><strong>Ver fotos<\/strong><\/span><\/a><\/span><\/p>\n<p>&nbsp;<\/p>\n","protected":false},"excerpt":{"rendered":"<p>Este lunes 21 de abril, el Colegio San Ignacio de Concepci\u00f3n vivi\u00f3 una significativa jornada espiritual con la celebraci\u00f3n de la Liturgia de Resurrecci\u00f3n, realizada en dos bloques durante la ma\u00f1ana. En el primer bloque participaron los estudiantes de 7\u00b0 y 8\u00b0 b\u00e1sico, mientras que en el segundo fue el turno de los cursos de&hellip;<\/p>\n","protected":false},"author":1,"featured_media":9869,"comment_status":"closed","ping_status":"closed","sticky":false,"template":"","format":"standard","meta":[],"categories":[4],"tags":[],"_links":{"self":[{"href":"http:\/\/sanignacioconcepcion.cl\/sitio\/wp-json\/wp\/v2\/posts\/9868"}],"collection":[{"href":"http:\/\/sanignacioconcepcion.cl\/sitio\/wp-json\/wp\/v2\/posts"}],"about":[{"href":"http:\/\/sanignacioconcepcion.cl\/sitio\/wp-json\/wp\/v2\/types\/post"}],"author":[{"embeddable":true,"href":"http:\/\/sanignacioconcepcion.cl\/sitio\/wp-json\/wp\/v2\/users\/1"}],"replies":[{"embeddable":true,"href":"http:\/\/sanignacioconcepcion.cl\/sitio\/wp-json\/wp\/v2\/comments?post=9868"}],"version-history":[{"count":1,"href":"http:\/\/sanignacioconcepcion.cl\/sitio\/wp-json\/wp\/v2\/posts\/9868\/revisions"}],"predecessor-version":[{"id":9870,"href":"http:\/\/sanignacioconcepcion.cl\/sitio\/wp-json\/wp\/v2\/posts\/9868\/revisions\/9870"}],"wp:featuredmedia":[{"embeddable":true,"href":"http:\/\/sanignacioconcepcion.cl\/sitio\/wp-json\/wp\/v2\/media\/9869"}],"wp:attachment":[{"href":"http:\/\/sanignacioconcepcion.cl\/sitio\/wp-json\/wp\/v2\/media?parent=9868"}],"wp:term":[{"taxonomy":"category","embeddable":true,"href":"http:\/\/sanignacioconcepcion.cl\/sitio\/wp-json\/wp\/v2\/categories?post=9868"},{"taxonomy":"post_tag","embeddable":true,"href":"http:\/\/sanignacioconcepcion.cl\/sitio\/wp-json\/wp\/v2\/tags?post=9868"}],"curies":[{"name":"wp","href":"https:\/\/api.w.org\/{rel}","templated":true}]}}