{"id":9871,"date":"2025-04-22T11:07:03","date_gmt":"2025-04-22T14:07:03","guid":{"rendered":"https:\/\/sanignacioconcepcion.cl\/sitio\/?p=9871"},"modified":"2025-04-22T11:07:03","modified_gmt":"2025-04-22T14:07:03","slug":"mes-del-libro-cuentacuentos-por-padres","status":"publish","type":"post","link":"http:\/\/sanignacioconcepcion.cl\/sitio\/mes-del-libro-cuentacuentos-por-padres\/","title":{"rendered":"Mes del Libro: Cuentacuentos por Padres"},"content":{"rendered":"<p><span style=\"font-weight: 400;\">En el marco de la celebraci\u00f3n del Mes del Libro, ayer lunes 21 de abril, se llev\u00f3 a cabo el taller de <\/span><b>\u201cCuentacuentos por padres\u201d<\/b><span style=\"font-weight: 400;\">, una iniciativa que llen\u00f3 de magia y fantas\u00eda la biblioteca del SIC.<\/span><\/p>\n<p><span style=\"font-weight: 400;\">Durante esta experiencia, apoderados se disfrazaron y personificaron diferentes personajes de cuentos infantiles, brindando a los ni\u00f1os y ni\u00f1as una forma l\u00fadica y cercana de vivir la lectura. Los primeros en disfrutar de esta actividad fueron los estudiantes de <\/span><b>Prek\u00ednder C<\/b><span style=\"font-weight: 400;\">, quienes se sumergieron en el mundo de \u201c<\/span><b>Las hadas de las cuatro estaciones<\/b><span style=\"font-weight: 400;\">\u201d, un relato lleno de colores, estaciones y valores.<\/span><\/p>\n<p><span style=\"font-weight: 400;\">Posteriormente, fue el turno de los alumnos de <\/span><b>K\u00ednder A<\/b><span style=\"font-weight: 400;\">, quienes se emocionaron con la interpretaci\u00f3n del cl\u00e1sico \u201c<\/span><b>Los tres cerditos y el lobo feroz<\/b><span style=\"font-weight: 400;\">\u201d. Las actuaciones captaron la atenci\u00f3n y la imaginaci\u00f3n de los peque\u00f1os, que participaron con entusiasmo y alegr\u00eda.<\/span><\/p>\n<p><span style=\"font-weight: 400;\">Esta hermosa actividad forma parte de las diversas iniciativas organizadas por las distintas \u00e1reas del colegio para conmemorar el <\/span><b>D\u00eda del Libro<\/b><span style=\"font-weight: 400;\">, fomentando desde temprana edad el amor por la lectura y el v\u00ednculo entre la familia y la comunidad educativa.<a href=\"https:\/\/photos.app.goo.gl\/QpzdKsMWa2d4r2X48\"><span style=\"color: #800000;\"><strong>Ver fotos<\/strong><\/span><\/a><\/span><\/p>\n","protected":false},"excerpt":{"rendered":"<p>En el marco de la celebraci\u00f3n del Mes del Libro, ayer lunes 21 de abril, se llev\u00f3 a cabo el taller de \u201cCuentacuentos por padres\u201d, una iniciativa que llen\u00f3 de magia y fantas\u00eda la biblioteca del SIC. Durante esta experiencia, apoderados se disfrazaron y personificaron diferentes personajes de cuentos infantiles, brindando a los ni\u00f1os y&hellip;<\/p>\n","protected":false},"author":1,"featured_media":9872,"comment_status":"closed","ping_status":"closed","sticky":false,"template":"","format":"standard","meta":[],"categories":[4],"tags":[],"_links":{"self":[{"href":"http:\/\/sanignacioconcepcion.cl\/sitio\/wp-json\/wp\/v2\/posts\/9871"}],"collection":[{"href":"http:\/\/sanignacioconcepcion.cl\/sitio\/wp-json\/wp\/v2\/posts"}],"about":[{"href":"http:\/\/sanignacioconcepcion.cl\/sitio\/wp-json\/wp\/v2\/types\/post"}],"author":[{"embeddable":true,"href":"http:\/\/sanignacioconcepcion.cl\/sitio\/wp-json\/wp\/v2\/users\/1"}],"replies":[{"embeddable":true,"href":"http:\/\/sanignacioconcepcion.cl\/sitio\/wp-json\/wp\/v2\/comments?post=9871"}],"version-history":[{"count":1,"href":"http:\/\/sanignacioconcepcion.cl\/sitio\/wp-json\/wp\/v2\/posts\/9871\/revisions"}],"predecessor-version":[{"id":9873,"href":"http:\/\/sanignacioconcepcion.cl\/sitio\/wp-json\/wp\/v2\/posts\/9871\/revisions\/9873"}],"wp:featuredmedia":[{"embeddable":true,"href":"http:\/\/sanignacioconcepcion.cl\/sitio\/wp-json\/wp\/v2\/media\/9872"}],"wp:attachment":[{"href":"http:\/\/sanignacioconcepcion.cl\/sitio\/wp-json\/wp\/v2\/media?parent=9871"}],"wp:term":[{"taxonomy":"category","embeddable":true,"href":"http:\/\/sanignacioconcepcion.cl\/sitio\/wp-json\/wp\/v2\/categories?post=9871"},{"taxonomy":"post_tag","embeddable":true,"href":"http:\/\/sanignacioconcepcion.cl\/sitio\/wp-json\/wp\/v2\/tags?post=9871"}],"curies":[{"name":"wp","href":"https:\/\/api.w.org\/{rel}","templated":true}]}}