{"id":9875,"date":"2025-04-22T15:32:18","date_gmt":"2025-04-22T18:32:18","guid":{"rendered":"https:\/\/sanignacioconcepcion.cl\/sitio\/?p=9875"},"modified":"2025-04-22T15:32:18","modified_gmt":"2025-04-22T18:32:18","slug":"adicpa-define-temporada-2025-en-reunion-de-rectores","status":"publish","type":"post","link":"http:\/\/sanignacioconcepcion.cl\/sitio\/adicpa-define-temporada-2025-en-reunion-de-rectores\/","title":{"rendered":"ADICPA define temporada 2025 en reuni\u00f3n de rectores"},"content":{"rendered":"<p><span style=\"font-weight: 400;\">La <\/span><b>reuni\u00f3n de rectores de los colegios miembros de ADICPA<\/b><span style=\"font-weight: 400;\"> se realiz\u00f3 en el Colegio Arturo Prat, donde se tomaron importantes decisiones para la <\/span><b>temporada deportiva y cultural 2025<\/b><span style=\"font-weight: 400;\">.\u00a0 El presidente de la organizaci\u00f3n, <\/span><b>Marcelo Filippi<\/b><span style=\"font-weight: 400;\">, destac\u00f3 la implementaci\u00f3n de un nuevo reglamento que fomente el <\/span><b>juego limpio<\/b><span style=\"font-weight: 400;\">, la <\/span><b>buena convivencia<\/b><span style=\"font-weight: 400;\"> y regule el comportamiento de estudiantes, apoderados y profesores.<\/span><\/p>\n<p><span style=\"font-weight: 400;\">\u2705 Se fij\u00f3 el <\/span><b>inicio de actividades para el 10 de mayo<\/b><span style=\"font-weight: 400;\">, con un enfoque en <\/span><b>eventos participativos<\/b><span style=\"font-weight: 400;\">, priorizando el disfrute por sobre la competencia.<\/span><span style=\"font-weight: 400;\"><br \/>\n<\/span><span style=\"font-weight: 400;\"> \u2705 Se mantendr\u00e1n los 26 colegios participantes del a\u00f1o pasado.<\/span><span style=\"font-weight: 400;\"><br \/>\n<\/span><span style=\"font-weight: 400;\"> \u2705 Se reforzar\u00e1 el componente <\/span><b>cultural<\/b><span style=\"font-weight: 400;\"> (baile, teatro, pintura).<\/span><span style=\"font-weight: 400;\"><br \/>\n<\/span><span style=\"font-weight: 400;\"> \u2705 Se aplicar\u00e1 un sistema de divisiones por nivel competitivo en deportes colectivos.<\/span><span style=\"font-weight: 400;\"><br \/>\n<\/span><span style=\"font-weight: 400;\"> \u2705 Se busca mejorar la <\/span><b>asistencia y programaci\u00f3n<\/b><span style=\"font-weight: 400;\">, evitando suspensiones.<\/span><\/p>\n<p><span style=\"font-weight: 400;\">Lee la nota completa <strong><a href=\"https:\/\/assets.diarioconcepcion.cl\/2025\/04\/21-04-2025-v2.pdf\">aqu\u00ed<\/a> <\/strong>(p\u00e1gina 18)\u00a0\u00a0<\/span><\/p>\n","protected":false},"excerpt":{"rendered":"<p>La reuni\u00f3n de rectores de los colegios miembros de ADICPA se realiz\u00f3 en el Colegio Arturo Prat, donde se tomaron importantes decisiones para la temporada deportiva y cultural 2025.\u00a0 El presidente de la organizaci\u00f3n, Marcelo Filippi, destac\u00f3 la implementaci\u00f3n de un nuevo reglamento que fomente el juego limpio, la buena convivencia y regule el comportamiento&hellip;<\/p>\n","protected":false},"author":1,"featured_media":9876,"comment_status":"closed","ping_status":"closed","sticky":false,"template":"","format":"standard","meta":[],"categories":[4],"tags":[],"_links":{"self":[{"href":"http:\/\/sanignacioconcepcion.cl\/sitio\/wp-json\/wp\/v2\/posts\/9875"}],"collection":[{"href":"http:\/\/sanignacioconcepcion.cl\/sitio\/wp-json\/wp\/v2\/posts"}],"about":[{"href":"http:\/\/sanignacioconcepcion.cl\/sitio\/wp-json\/wp\/v2\/types\/post"}],"author":[{"embeddable":true,"href":"http:\/\/sanignacioconcepcion.cl\/sitio\/wp-json\/wp\/v2\/users\/1"}],"replies":[{"embeddable":true,"href":"http:\/\/sanignacioconcepcion.cl\/sitio\/wp-json\/wp\/v2\/comments?post=9875"}],"version-history":[{"count":1,"href":"http:\/\/sanignacioconcepcion.cl\/sitio\/wp-json\/wp\/v2\/posts\/9875\/revisions"}],"predecessor-version":[{"id":9877,"href":"http:\/\/sanignacioconcepcion.cl\/sitio\/wp-json\/wp\/v2\/posts\/9875\/revisions\/9877"}],"wp:featuredmedia":[{"embeddable":true,"href":"http:\/\/sanignacioconcepcion.cl\/sitio\/wp-json\/wp\/v2\/media\/9876"}],"wp:attachment":[{"href":"http:\/\/sanignacioconcepcion.cl\/sitio\/wp-json\/wp\/v2\/media?parent=9875"}],"wp:term":[{"taxonomy":"category","embeddable":true,"href":"http:\/\/sanignacioconcepcion.cl\/sitio\/wp-json\/wp\/v2\/categories?post=9875"},{"taxonomy":"post_tag","embeddable":true,"href":"http:\/\/sanignacioconcepcion.cl\/sitio\/wp-json\/wp\/v2\/tags?post=9875"}],"curies":[{"name":"wp","href":"https:\/\/api.w.org\/{rel}","templated":true}]}}