{"id":9880,"date":"2025-04-22T15:43:09","date_gmt":"2025-04-22T18:43:09","guid":{"rendered":"https:\/\/sanignacioconcepcion.cl\/sitio\/?p=9880"},"modified":"2025-04-22T15:43:09","modified_gmt":"2025-04-22T18:43:09","slug":"misa-por-el-descanso-eterno-del-papa-francisco-en-el-sic","status":"publish","type":"post","link":"http:\/\/sanignacioconcepcion.cl\/sitio\/misa-por-el-descanso-eterno-del-papa-francisco-en-el-sic\/","title":{"rendered":"Misa por el descanso eterno del Papa Francisco en el SIC"},"content":{"rendered":"<p><span style=\"font-weight: 400;\">Este martes 22 de abril, la comunidad ignaciana se reuni\u00f3 en una misa especial para orar por el descanso eterno del Papa Francisco. La ceremonia fue presidida por el capell\u00e1n del colegio, Padre Juan Pablo Moyano SJ, y estuvo marcada por un profundo momento de recogimiento y oraci\u00f3n donde participaron estudiantes, educadores, padres y apoderados.<\/span><\/p>\n<p><span style=\"font-weight: 400;\">Durante la misa, se elev\u00f3 una oraci\u00f3n por la vida y misi\u00f3n del Papa Francisco, agradeciendo su legado de amor, humildad y dedicaci\u00f3n a los m\u00e1s necesitados. El Padre Juan Pablo\u00a0 destac\u00f3 el incansable trabajo del Papa para promover la paz, la justicia social y la protecci\u00f3n del medio ambiente, valores que marcaron su pontificado.<\/span><\/p>\n<p><span style=\"font-weight: 400;\">Jorge Mario Bergoglio, conocido como Papa Francisco, fue el 266\u00b0 Papa de la Iglesia Cat\u00f3lica, elegido el 13 de marzo de 2013. Fue el primer pont\u00edfice latinoamericano y jesuita en la historia, y se destac\u00f3 por su cercan\u00eda con los pobres y su llamado constante a la unidad y la fraternidad entre los pueblos. Su pontificado se caracteriz\u00f3 por un profundo enfoque en la misericordia, el cuidado del medio ambiente y el di\u00e1logo interreligioso.<\/span><\/p>\n<p><span style=\"font-weight: 400;\">Esta misa fue una ocasi\u00f3n para rendir homenaje a su vida y obra, y para pedir por su descanso eterno, mientras renovamos nuestra esperanza en el mensaje de fe y amor que nos dej\u00f3.<\/span><a href=\"https:\/\/photos.app.goo.gl\/zx34mCwP8F52DquL7\"><span style=\"color: #800000;\"><b> Ver fotos<\/b><\/span><\/a><\/p>\n","protected":false},"excerpt":{"rendered":"<p>Este martes 22 de abril, la comunidad ignaciana se reuni\u00f3 en una misa especial para orar por el descanso eterno del Papa Francisco. La ceremonia fue presidida por el capell\u00e1n del colegio, Padre Juan Pablo Moyano SJ, y estuvo marcada por un profundo momento de recogimiento y oraci\u00f3n donde participaron estudiantes, educadores, padres y apoderados.&hellip;<\/p>\n","protected":false},"author":1,"featured_media":9881,"comment_status":"closed","ping_status":"closed","sticky":false,"template":"","format":"standard","meta":[],"categories":[4],"tags":[],"_links":{"self":[{"href":"http:\/\/sanignacioconcepcion.cl\/sitio\/wp-json\/wp\/v2\/posts\/9880"}],"collection":[{"href":"http:\/\/sanignacioconcepcion.cl\/sitio\/wp-json\/wp\/v2\/posts"}],"about":[{"href":"http:\/\/sanignacioconcepcion.cl\/sitio\/wp-json\/wp\/v2\/types\/post"}],"author":[{"embeddable":true,"href":"http:\/\/sanignacioconcepcion.cl\/sitio\/wp-json\/wp\/v2\/users\/1"}],"replies":[{"embeddable":true,"href":"http:\/\/sanignacioconcepcion.cl\/sitio\/wp-json\/wp\/v2\/comments?post=9880"}],"version-history":[{"count":1,"href":"http:\/\/sanignacioconcepcion.cl\/sitio\/wp-json\/wp\/v2\/posts\/9880\/revisions"}],"predecessor-version":[{"id":9882,"href":"http:\/\/sanignacioconcepcion.cl\/sitio\/wp-json\/wp\/v2\/posts\/9880\/revisions\/9882"}],"wp:featuredmedia":[{"embeddable":true,"href":"http:\/\/sanignacioconcepcion.cl\/sitio\/wp-json\/wp\/v2\/media\/9881"}],"wp:attachment":[{"href":"http:\/\/sanignacioconcepcion.cl\/sitio\/wp-json\/wp\/v2\/media?parent=9880"}],"wp:term":[{"taxonomy":"category","embeddable":true,"href":"http:\/\/sanignacioconcepcion.cl\/sitio\/wp-json\/wp\/v2\/categories?post=9880"},{"taxonomy":"post_tag","embeddable":true,"href":"http:\/\/sanignacioconcepcion.cl\/sitio\/wp-json\/wp\/v2\/tags?post=9880"}],"curies":[{"name":"wp","href":"https:\/\/api.w.org\/{rel}","templated":true}]}}