{"id":9883,"date":"2025-04-22T16:01:49","date_gmt":"2025-04-22T19:01:49","guid":{"rendered":"https:\/\/sanignacioconcepcion.cl\/sitio\/?p=9883"},"modified":"2025-04-22T16:01:49","modified_gmt":"2025-04-22T19:01:49","slug":"charla-gabriela-mistral-educacion-para-iluminar-y-transformar-en-el-marco-del-mes-del-libro","status":"publish","type":"post","link":"http:\/\/sanignacioconcepcion.cl\/sitio\/charla-gabriela-mistral-educacion-para-iluminar-y-transformar-en-el-marco-del-mes-del-libro\/","title":{"rendered":"Charla \u201cGabriela Mistral: Educaci\u00f3n para iluminar y transformar\u201d en el marco del Mes del Libro"},"content":{"rendered":"<p><span style=\"font-weight: 400;\">En el contexto de las actividades del Mes del Libro, el Colegio San Ignacio de Concepci\u00f3n tuvo el honor de recibir a la Mg. Nidia Smith, quien ofreci\u00f3 la charla titulada <\/span><i><span style=\"font-weight: 400;\">\u201cGabriela Mistral: Educaci\u00f3n para iluminar y transformar\u201d<\/span><\/i><span style=\"font-weight: 400;\"> en la biblioteca del colegio.<\/span><\/p>\n<p><span style=\"font-weight: 400;\">Durante su presentaci\u00f3n, la expositora hizo un recorrido por la vida y obra de Gabriela Mistral, destacando sus inicios como maestra rural, su legado literario y el impacto que tuvo en el \u00e1mbito educativo tanto en Chile como en el extranjero. Tambi\u00e9n se abordaron sus publicaciones m\u00e1s importantes, sus viajes, su rol como diplom\u00e1tica y su profundo compromiso con una educaci\u00f3n humanista, inclusiva y transformadora.<\/span><\/p>\n<p><span style=\"font-weight: 400;\">La actividad finaliz\u00f3 con la emotiva participaci\u00f3n de estudiantes de 4\u00b0 b\u00e1sico, quienes est\u00e1n desarrollando la propuesta llamada \u201cSusurros de Gabriela Mistral\u201d, compartiendo en voz baja fragmentos de su obra a modo de susurros po\u00e9ticos, acercando la literatura a trav\u00e9s de la sensibilidad y la emoci\u00f3n. <a href=\"https:\/\/photos.app.goo.gl\/Q3Eb7DbrkgnWt6329\"><span style=\"color: #800000;\"><strong>ver fotos<\/strong><\/span><\/a><\/span><\/p>\n","protected":false},"excerpt":{"rendered":"<p>En el contexto de las actividades del Mes del Libro, el Colegio San Ignacio de Concepci\u00f3n tuvo el honor de recibir a la Mg. Nidia Smith, quien ofreci\u00f3 la charla titulada \u201cGabriela Mistral: Educaci\u00f3n para iluminar y transformar\u201d en la biblioteca del colegio. Durante su presentaci\u00f3n, la expositora hizo un recorrido por la vida y&hellip;<\/p>\n","protected":false},"author":1,"featured_media":9884,"comment_status":"closed","ping_status":"closed","sticky":false,"template":"","format":"standard","meta":[],"categories":[4],"tags":[],"_links":{"self":[{"href":"http:\/\/sanignacioconcepcion.cl\/sitio\/wp-json\/wp\/v2\/posts\/9883"}],"collection":[{"href":"http:\/\/sanignacioconcepcion.cl\/sitio\/wp-json\/wp\/v2\/posts"}],"about":[{"href":"http:\/\/sanignacioconcepcion.cl\/sitio\/wp-json\/wp\/v2\/types\/post"}],"author":[{"embeddable":true,"href":"http:\/\/sanignacioconcepcion.cl\/sitio\/wp-json\/wp\/v2\/users\/1"}],"replies":[{"embeddable":true,"href":"http:\/\/sanignacioconcepcion.cl\/sitio\/wp-json\/wp\/v2\/comments?post=9883"}],"version-history":[{"count":1,"href":"http:\/\/sanignacioconcepcion.cl\/sitio\/wp-json\/wp\/v2\/posts\/9883\/revisions"}],"predecessor-version":[{"id":9885,"href":"http:\/\/sanignacioconcepcion.cl\/sitio\/wp-json\/wp\/v2\/posts\/9883\/revisions\/9885"}],"wp:featuredmedia":[{"embeddable":true,"href":"http:\/\/sanignacioconcepcion.cl\/sitio\/wp-json\/wp\/v2\/media\/9884"}],"wp:attachment":[{"href":"http:\/\/sanignacioconcepcion.cl\/sitio\/wp-json\/wp\/v2\/media?parent=9883"}],"wp:term":[{"taxonomy":"category","embeddable":true,"href":"http:\/\/sanignacioconcepcion.cl\/sitio\/wp-json\/wp\/v2\/categories?post=9883"},{"taxonomy":"post_tag","embeddable":true,"href":"http:\/\/sanignacioconcepcion.cl\/sitio\/wp-json\/wp\/v2\/tags?post=9883"}],"curies":[{"name":"wp","href":"https:\/\/api.w.org\/{rel}","templated":true}]}}