{"id":9887,"date":"2025-04-25T12:27:04","date_gmt":"2025-04-25T15:27:04","guid":{"rendered":"https:\/\/sanignacioconcepcion.cl\/sitio\/?p=9887"},"modified":"2025-04-25T12:27:04","modified_gmt":"2025-04-25T15:27:04","slug":"entrega-de-anuario-para-la-generacion-2024","status":"publish","type":"post","link":"http:\/\/sanignacioconcepcion.cl\/sitio\/entrega-de-anuario-para-la-generacion-2024\/","title":{"rendered":"Entrega de Anuario para la Generaci\u00f3n 2024"},"content":{"rendered":"<p><span style=\"font-weight: 400;\">La tarde de ayer, 24 de abril, se llev\u00f3 a cabo un emotivo evento en las instalaciones del Colegio San Ignacio Concepci\u00f3n:<\/span><b> la entrega de anuario para la Generaci\u00f3n 2024<\/b><span style=\"font-weight: 400;\">.\u00a0<\/span><\/p>\n<p><span style=\"font-weight: 400;\">M\u00e1s de 60 alumnos participaron en esta significativa ceremonia que estuvo llena de sonrisas, abrazos y recuerdos compartidos entre compa\u00f1eros y docentes. El anuario, cuidadosamente elaborado, no solo recoge im\u00e1genes y datos, sino tambi\u00e9n las experiencias, aprendizajes y la esencia de una generaci\u00f3n que dej\u00f3 huella en la instituci\u00f3n.<\/span><\/p>\n<p><span style=\"font-weight: 400;\">\u00c1lvaro Mardones, exalumno del colegio y actual estudiante de Derecho en la Universidad de Concepci\u00f3n, destac\u00f3 la importancia de este gesto:<\/span> <i><span style=\"font-weight: 400;\">\u00abLa entrega de anuarios es un simbolismo muy lindo que nos deja registro de los recuerdos que vivimos en el colegio, de las palabras que dieron tus amigos para ti y de las palabras que t\u00fa tienes para el colegio. Siento que es algo muy importante recordar porque, al final, son los primeros pasos que diste en la vida y son las personas con las que te rodeaste y fueron tu hogar durante 12 a\u00f1os.\u00bb<\/span><\/i><\/p>\n<p><span style=\"font-weight: 400;\">Con palabras de agradecimiento, algunos alumnos y profesores recordaron an\u00e9cdotas vividas y destacaron el valor de la amistad, el esfuerzo y el crecimiento personal a lo largo de estos a\u00f1os. Fue, sin duda, una tarde cargada de emoci\u00f3n, orgullo y esperanza de cara al futuro. <a href=\"https:\/\/photos.app.goo.gl\/y5X4pS6EhR8jc6yk9\"><span style=\"color: #800000;\"><strong>Ver fotos<\/strong><\/span><\/a><\/span><\/p>\n","protected":false},"excerpt":{"rendered":"<p>La tarde de ayer, 24 de abril, se llev\u00f3 a cabo un emotivo evento en las instalaciones del Colegio San Ignacio Concepci\u00f3n: la entrega de anuario para la Generaci\u00f3n 2024.\u00a0 M\u00e1s de 60 alumnos participaron en esta significativa ceremonia que estuvo llena de sonrisas, abrazos y recuerdos compartidos entre compa\u00f1eros y docentes. El anuario, cuidadosamente&hellip;<\/p>\n","protected":false},"author":1,"featured_media":9888,"comment_status":"closed","ping_status":"closed","sticky":false,"template":"","format":"standard","meta":[],"categories":[4],"tags":[],"_links":{"self":[{"href":"http:\/\/sanignacioconcepcion.cl\/sitio\/wp-json\/wp\/v2\/posts\/9887"}],"collection":[{"href":"http:\/\/sanignacioconcepcion.cl\/sitio\/wp-json\/wp\/v2\/posts"}],"about":[{"href":"http:\/\/sanignacioconcepcion.cl\/sitio\/wp-json\/wp\/v2\/types\/post"}],"author":[{"embeddable":true,"href":"http:\/\/sanignacioconcepcion.cl\/sitio\/wp-json\/wp\/v2\/users\/1"}],"replies":[{"embeddable":true,"href":"http:\/\/sanignacioconcepcion.cl\/sitio\/wp-json\/wp\/v2\/comments?post=9887"}],"version-history":[{"count":1,"href":"http:\/\/sanignacioconcepcion.cl\/sitio\/wp-json\/wp\/v2\/posts\/9887\/revisions"}],"predecessor-version":[{"id":9889,"href":"http:\/\/sanignacioconcepcion.cl\/sitio\/wp-json\/wp\/v2\/posts\/9887\/revisions\/9889"}],"wp:featuredmedia":[{"embeddable":true,"href":"http:\/\/sanignacioconcepcion.cl\/sitio\/wp-json\/wp\/v2\/media\/9888"}],"wp:attachment":[{"href":"http:\/\/sanignacioconcepcion.cl\/sitio\/wp-json\/wp\/v2\/media?parent=9887"}],"wp:term":[{"taxonomy":"category","embeddable":true,"href":"http:\/\/sanignacioconcepcion.cl\/sitio\/wp-json\/wp\/v2\/categories?post=9887"},{"taxonomy":"post_tag","embeddable":true,"href":"http:\/\/sanignacioconcepcion.cl\/sitio\/wp-json\/wp\/v2\/tags?post=9887"}],"curies":[{"name":"wp","href":"https:\/\/api.w.org\/{rel}","templated":true}]}}