{"id":9893,"date":"2025-04-25T15:42:26","date_gmt":"2025-04-25T18:42:26","guid":{"rendered":"https:\/\/sanignacioconcepcion.cl\/sitio\/?p=9893"},"modified":"2025-04-25T15:55:24","modified_gmt":"2025-04-25T18:55:24","slug":"cuentos-clasicos-creatividad-y-comunidad-asi-se-celebro-el-dia-del-libro-2025-en-el-colegio-san-ignacio-concepcion","status":"publish","type":"post","link":"http:\/\/sanignacioconcepcion.cl\/sitio\/cuentos-clasicos-creatividad-y-comunidad-asi-se-celebro-el-dia-del-libro-2025-en-el-colegio-san-ignacio-concepcion\/","title":{"rendered":"Cuentos cl\u00e1sicos, creatividad y comunidad: as\u00ed se celebr\u00f3 el D\u00eda del Libro 2025 en el Colegio San Ignacio Concepci\u00f3n"},"content":{"rendered":"<p>En el marco del D\u00eda del Libro, el Colegio San Ignacio Concepci\u00f3n llev\u00f3 a cabo diversas actividades orientadas a fomentar el amor por la lectura en toda la comunidad escolar. Este viernes 25 de abril se celebr\u00f3 con entusiasmo la Feria Literaria del D\u00eda del Libro 2025, una tradici\u00f3n que a\u00f1o a a\u00f1o invita a estudiantes, docentes y familias a reencontrarse con el poder de las palabras y la imaginaci\u00f3n.<\/p>\n<p>La edici\u00f3n de este a\u00f1o tuvo como eje central los cuentos cl\u00e1sicos infantiles, relatos que han sido contados generaci\u00f3n tras generaci\u00f3n y que en esta ocasi\u00f3n fueron reinterpretados por los estudiantes del Taller de Literatura de III\u00b0 y IV\u00b0 medio, dirigidos por las profesoras Javiera Oyarzo y Francisca Daza. Durante marzo y abril, los j\u00f3venes trabajaron en una investigaci\u00f3n creativa que dio vida a una serie de stands tem\u00e1ticos, donde presentaron versiones originales e interactivas de historias como <i>Hansel y Gretel<\/i>, <i>Caperucita Roja<\/i>, <i>La Bella Durmiente<\/i>, <i>El Gato con Botas<\/i>, <i>La Cenicienta<\/i>, <i>El Cascanueces<\/i> y <i>El Flautista de Hamelin<\/i>.<\/p>\n<p>Adem\u00e1s, se realiz\u00f3 una feria de intercambio de libros en el Patio de la Cruz, en la que participaron estudiantes desde 4\u00ba b\u00e1sico hasta 4\u00ba medio. Esta instancia permiti\u00f3 dar nueva vida a libros que ahora ser\u00e1n le\u00eddos por nuevos ojos y corazones.<\/p>\n<p>La jornada culmin\u00f3 con un acto lleno de emoci\u00f3n y talento, protagonizado por estudiantes de 3\u00ba y 4\u00ba b\u00e1sico. En \u00e9l, se declamaron poemas y se representaron personajes literarios, destacando el entusiasmo, la expresividad y la dedicaci\u00f3n con que cada curso prepar\u00f3 su presentaci\u00f3n.<\/p>\n<p>Estas actividades no solo fortalecen el v\u00ednculo de los estudiantes con la lectura, sino que tambi\u00e9n promueven la creatividad, el trabajo colaborativo y el sentido de comunidad que caracteriza al Colegio San Ignacio Concepci\u00f3n. <a href=\"https:\/\/photos.app.goo.gl\/UKLrrewoXY4jWymM9\"><span style=\"color: #800000;\"><strong>Ver fotos<\/strong><\/span><\/a><\/p>\n","protected":false},"excerpt":{"rendered":"<p>En el marco del D\u00eda del Libro, el Colegio San Ignacio Concepci\u00f3n llev\u00f3 a cabo diversas actividades orientadas a fomentar el amor por la lectura en toda la comunidad escolar. Este viernes 25 de abril se celebr\u00f3 con entusiasmo la Feria Literaria del D\u00eda del Libro 2025, una tradici\u00f3n que a\u00f1o a a\u00f1o invita a&hellip;<\/p>\n","protected":false},"author":1,"featured_media":9894,"comment_status":"closed","ping_status":"closed","sticky":false,"template":"","format":"standard","meta":[],"categories":[4],"tags":[],"_links":{"self":[{"href":"http:\/\/sanignacioconcepcion.cl\/sitio\/wp-json\/wp\/v2\/posts\/9893"}],"collection":[{"href":"http:\/\/sanignacioconcepcion.cl\/sitio\/wp-json\/wp\/v2\/posts"}],"about":[{"href":"http:\/\/sanignacioconcepcion.cl\/sitio\/wp-json\/wp\/v2\/types\/post"}],"author":[{"embeddable":true,"href":"http:\/\/sanignacioconcepcion.cl\/sitio\/wp-json\/wp\/v2\/users\/1"}],"replies":[{"embeddable":true,"href":"http:\/\/sanignacioconcepcion.cl\/sitio\/wp-json\/wp\/v2\/comments?post=9893"}],"version-history":[{"count":2,"href":"http:\/\/sanignacioconcepcion.cl\/sitio\/wp-json\/wp\/v2\/posts\/9893\/revisions"}],"predecessor-version":[{"id":9896,"href":"http:\/\/sanignacioconcepcion.cl\/sitio\/wp-json\/wp\/v2\/posts\/9893\/revisions\/9896"}],"wp:featuredmedia":[{"embeddable":true,"href":"http:\/\/sanignacioconcepcion.cl\/sitio\/wp-json\/wp\/v2\/media\/9894"}],"wp:attachment":[{"href":"http:\/\/sanignacioconcepcion.cl\/sitio\/wp-json\/wp\/v2\/media?parent=9893"}],"wp:term":[{"taxonomy":"category","embeddable":true,"href":"http:\/\/sanignacioconcepcion.cl\/sitio\/wp-json\/wp\/v2\/categories?post=9893"},{"taxonomy":"post_tag","embeddable":true,"href":"http:\/\/sanignacioconcepcion.cl\/sitio\/wp-json\/wp\/v2\/tags?post=9893"}],"curies":[{"name":"wp","href":"https:\/\/api.w.org\/{rel}","templated":true}]}}