{"id":9899,"date":"2025-04-28T12:58:37","date_gmt":"2025-04-28T15:58:37","guid":{"rendered":"https:\/\/sanignacioconcepcion.cl\/sitio\/?p=9899"},"modified":"2025-04-28T12:58:37","modified_gmt":"2025-04-28T15:58:37","slug":"taller-mapadres-acompanando-el-crecimiento-de-nuestros-estudiantes","status":"publish","type":"post","link":"http:\/\/sanignacioconcepcion.cl\/sitio\/taller-mapadres-acompanando-el-crecimiento-de-nuestros-estudiantes\/","title":{"rendered":"Taller Mapadres: Acompa\u00f1ando el crecimiento de nuestros estudiantes"},"content":{"rendered":"<p><span style=\"font-weight: 400;\">El pasado s\u00e1bado 26 de abril se llev\u00f3 a cabo el Taller de Mapadres dirigido a las familias de la generaci\u00f3n de 7mos b\u00e1sicos. El objetivo de esta actividad fue fortalecer la din\u00e1mica familiar entre padres, madres e hijos, a trav\u00e9s de la entrega de conocimientos y la creaci\u00f3n de instancias de encuentro colaborativo y fraternal.<\/span><\/p>\n<p><span style=\"font-weight: 400;\">Durante la jornada, se abordaron tem\u00e1ticas relacionadas con el desarrollo evolutivo de los estudiantes de 7mo b\u00e1sico y se trabajaron habilidades de comunicaci\u00f3n asertiva para fortalecer los v\u00ednculos al interior de la familia. Adem\u00e1s, se promovi\u00f3 la oraci\u00f3n como un espacio importante de encuentro, agradecimiento y contenci\u00f3n, junto con incentivar la creaci\u00f3n de momentos familiares de di\u00e1logo y reflexi\u00f3n m\u00e1s all\u00e1 del taller.<\/span><\/p>\n<p><span style=\"font-weight: 400;\">El trabajo se desarroll\u00f3 inicialmente en grupos separados de padres y estudiantes, para luego reunirse en una actividad final conjunta. Esta din\u00e1mica permiti\u00f3 tanto la entrega de informaci\u00f3n te\u00f3rica como la reflexi\u00f3n sobre las pr\u00e1cticas parentales cotidianas.<\/span><\/p>\n<p><span style=\"font-weight: 400;\">La actividad cont\u00f3 con la asistencia de 69 familias, quienes participaron con gran inter\u00e9s, mostrando apertura, escucha y una disposici\u00f3n positiva. \u201cComo equipo organizador, valoramos profundamente el compromiso de las familias y su genuino inter\u00e9s en acompa\u00f1ar y apoyar el proceso de crecimiento de sus hijos e hijas\u201d, se\u00f1al\u00f3 la psic\u00f3loga del Ciclo Roma, Erika Zuchel.<\/span><\/p>\n<p>&nbsp;<\/p>\n","protected":false},"excerpt":{"rendered":"<p>El pasado s\u00e1bado 26 de abril se llev\u00f3 a cabo el Taller de Mapadres dirigido a las familias de la generaci\u00f3n de 7mos b\u00e1sicos. El objetivo de esta actividad fue fortalecer la din\u00e1mica familiar entre padres, madres e hijos, a trav\u00e9s de la entrega de conocimientos y la creaci\u00f3n de instancias de encuentro colaborativo y&hellip;<\/p>\n","protected":false},"author":1,"featured_media":9900,"comment_status":"closed","ping_status":"closed","sticky":false,"template":"","format":"standard","meta":[],"categories":[4],"tags":[],"_links":{"self":[{"href":"http:\/\/sanignacioconcepcion.cl\/sitio\/wp-json\/wp\/v2\/posts\/9899"}],"collection":[{"href":"http:\/\/sanignacioconcepcion.cl\/sitio\/wp-json\/wp\/v2\/posts"}],"about":[{"href":"http:\/\/sanignacioconcepcion.cl\/sitio\/wp-json\/wp\/v2\/types\/post"}],"author":[{"embeddable":true,"href":"http:\/\/sanignacioconcepcion.cl\/sitio\/wp-json\/wp\/v2\/users\/1"}],"replies":[{"embeddable":true,"href":"http:\/\/sanignacioconcepcion.cl\/sitio\/wp-json\/wp\/v2\/comments?post=9899"}],"version-history":[{"count":1,"href":"http:\/\/sanignacioconcepcion.cl\/sitio\/wp-json\/wp\/v2\/posts\/9899\/revisions"}],"predecessor-version":[{"id":9901,"href":"http:\/\/sanignacioconcepcion.cl\/sitio\/wp-json\/wp\/v2\/posts\/9899\/revisions\/9901"}],"wp:featuredmedia":[{"embeddable":true,"href":"http:\/\/sanignacioconcepcion.cl\/sitio\/wp-json\/wp\/v2\/media\/9900"}],"wp:attachment":[{"href":"http:\/\/sanignacioconcepcion.cl\/sitio\/wp-json\/wp\/v2\/media?parent=9899"}],"wp:term":[{"taxonomy":"category","embeddable":true,"href":"http:\/\/sanignacioconcepcion.cl\/sitio\/wp-json\/wp\/v2\/categories?post=9899"},{"taxonomy":"post_tag","embeddable":true,"href":"http:\/\/sanignacioconcepcion.cl\/sitio\/wp-json\/wp\/v2\/tags?post=9899"}],"curies":[{"name":"wp","href":"https:\/\/api.w.org\/{rel}","templated":true}]}}