{"id":9902,"date":"2025-04-28T16:06:46","date_gmt":"2025-04-28T19:06:46","guid":{"rendered":"https:\/\/sanignacioconcepcion.cl\/sitio\/?p=9902"},"modified":"2025-04-28T16:06:46","modified_gmt":"2025-04-28T19:06:46","slug":"visita-de-carabineros-a-prebasica-en-su-98-aniversario","status":"publish","type":"post","link":"http:\/\/sanignacioconcepcion.cl\/sitio\/visita-de-carabineros-a-prebasica-en-su-98-aniversario\/","title":{"rendered":"Visita de Carabineros a Preb\u00e1sica en su 98\u00b0 Aniversario"},"content":{"rendered":"<p>&nbsp;<\/p>\n<p><span style=\"font-weight: 400;\">Con mucha alegr\u00eda, los estudiantes de Preb\u00e1sica del Colegio San Ignacio de Concepci\u00f3n recibieron la visita del Cabo Primero Carlos Fern\u00e1ndez Carrasco, de la Sexta Comisar\u00eda de San Pedro de la Paz, quien junto a una patrulla comparti\u00f3 con los ni\u00f1os y ni\u00f1as en el marco del 98\u00b0 aniversario de Carabineros de Chile.\u00a0<\/span><\/p>\n<p><span style=\"font-weight: 400;\">Durante la actividad, los estudiantes pudieron conocer de cerca el importante trabajo que realizan los carabineros en nuestra comunidad, adem\u00e1s de interactuar con los veh\u00edculos policiales. <a href=\"https:\/\/photos.app.goo.gl\/skazy9kCKWBvB7yB7\"><span style=\"color: #800000;\"><strong>Ver fotos<\/strong><\/span><\/a><\/span><\/p>\n<p>&nbsp;<\/p>\n","protected":false},"excerpt":{"rendered":"<p>&nbsp; Con mucha alegr\u00eda, los estudiantes de Preb\u00e1sica del Colegio San Ignacio de Concepci\u00f3n recibieron la visita del Cabo Primero Carlos Fern\u00e1ndez Carrasco, de la Sexta Comisar\u00eda de San Pedro de la Paz, quien junto a una patrulla comparti\u00f3 con los ni\u00f1os y ni\u00f1as en el marco del 98\u00b0 aniversario de Carabineros de Chile.\u00a0 Durante&hellip;<\/p>\n","protected":false},"author":1,"featured_media":9903,"comment_status":"closed","ping_status":"closed","sticky":false,"template":"","format":"standard","meta":[],"categories":[4],"tags":[],"_links":{"self":[{"href":"http:\/\/sanignacioconcepcion.cl\/sitio\/wp-json\/wp\/v2\/posts\/9902"}],"collection":[{"href":"http:\/\/sanignacioconcepcion.cl\/sitio\/wp-json\/wp\/v2\/posts"}],"about":[{"href":"http:\/\/sanignacioconcepcion.cl\/sitio\/wp-json\/wp\/v2\/types\/post"}],"author":[{"embeddable":true,"href":"http:\/\/sanignacioconcepcion.cl\/sitio\/wp-json\/wp\/v2\/users\/1"}],"replies":[{"embeddable":true,"href":"http:\/\/sanignacioconcepcion.cl\/sitio\/wp-json\/wp\/v2\/comments?post=9902"}],"version-history":[{"count":1,"href":"http:\/\/sanignacioconcepcion.cl\/sitio\/wp-json\/wp\/v2\/posts\/9902\/revisions"}],"predecessor-version":[{"id":9904,"href":"http:\/\/sanignacioconcepcion.cl\/sitio\/wp-json\/wp\/v2\/posts\/9902\/revisions\/9904"}],"wp:featuredmedia":[{"embeddable":true,"href":"http:\/\/sanignacioconcepcion.cl\/sitio\/wp-json\/wp\/v2\/media\/9903"}],"wp:attachment":[{"href":"http:\/\/sanignacioconcepcion.cl\/sitio\/wp-json\/wp\/v2\/media?parent=9902"}],"wp:term":[{"taxonomy":"category","embeddable":true,"href":"http:\/\/sanignacioconcepcion.cl\/sitio\/wp-json\/wp\/v2\/categories?post=9902"},{"taxonomy":"post_tag","embeddable":true,"href":"http:\/\/sanignacioconcepcion.cl\/sitio\/wp-json\/wp\/v2\/tags?post=9902"}],"curies":[{"name":"wp","href":"https:\/\/api.w.org\/{rel}","templated":true}]}}