{"id":9905,"date":"2025-04-28T16:08:05","date_gmt":"2025-04-28T19:08:05","guid":{"rendered":"https:\/\/sanignacioconcepcion.cl\/sitio\/?p=9905"},"modified":"2025-04-28T16:08:05","modified_gmt":"2025-04-28T19:08:05","slug":"informacion-sobre-interferiado-y-suspension-de-actividades-acle","status":"publish","type":"post","link":"http:\/\/sanignacioconcepcion.cl\/sitio\/informacion-sobre-interferiado-y-suspension-de-actividades-acle\/","title":{"rendered":"Informaci\u00f3n sobre interferiado y suspensi\u00f3n de actividades ACLE"},"content":{"rendered":"<p>Estimadas familias:<\/p>\n<p>Esperando que se encuentren muy bien, les informamos que el\u00a0<strong>viernes 2 de mayo se considerar\u00e1 como d\u00eda interferiado<\/strong>. En consecuencia, las actividades acad\u00e9micas se retomar\u00e1n el lunes 5 de mayo.<\/p>\n<p>Del mismo modo, las actividades correspondientes a ACLE se suspender\u00e1n el viernes 2 y el s\u00e1bado 3 de mayo, reanud\u00e1ndose en su horario habitual a partir del lunes.<\/p>\n<p>Saludos cordiales,<\/p>\n<p><strong>Direcci\u00f3n<\/strong> &#8211; Colegio San Ignacio Concepci\u00f3n<\/p>\n","protected":false},"excerpt":{"rendered":"<p>Estimadas familias: Esperando que se encuentren muy bien, les informamos que el\u00a0viernes 2 de mayo se considerar\u00e1 como d\u00eda interferiado. En consecuencia, las actividades acad\u00e9micas se retomar\u00e1n el lunes 5 de mayo. Del mismo modo, las actividades correspondientes a ACLE se suspender\u00e1n el viernes 2 y el s\u00e1bado 3 de mayo, reanud\u00e1ndose en su horario&hellip;<\/p>\n","protected":false},"author":1,"featured_media":0,"comment_status":"closed","ping_status":"closed","sticky":false,"template":"","format":"standard","meta":[],"categories":[3],"tags":[],"_links":{"self":[{"href":"http:\/\/sanignacioconcepcion.cl\/sitio\/wp-json\/wp\/v2\/posts\/9905"}],"collection":[{"href":"http:\/\/sanignacioconcepcion.cl\/sitio\/wp-json\/wp\/v2\/posts"}],"about":[{"href":"http:\/\/sanignacioconcepcion.cl\/sitio\/wp-json\/wp\/v2\/types\/post"}],"author":[{"embeddable":true,"href":"http:\/\/sanignacioconcepcion.cl\/sitio\/wp-json\/wp\/v2\/users\/1"}],"replies":[{"embeddable":true,"href":"http:\/\/sanignacioconcepcion.cl\/sitio\/wp-json\/wp\/v2\/comments?post=9905"}],"version-history":[{"count":1,"href":"http:\/\/sanignacioconcepcion.cl\/sitio\/wp-json\/wp\/v2\/posts\/9905\/revisions"}],"predecessor-version":[{"id":9906,"href":"http:\/\/sanignacioconcepcion.cl\/sitio\/wp-json\/wp\/v2\/posts\/9905\/revisions\/9906"}],"wp:attachment":[{"href":"http:\/\/sanignacioconcepcion.cl\/sitio\/wp-json\/wp\/v2\/media?parent=9905"}],"wp:term":[{"taxonomy":"category","embeddable":true,"href":"http:\/\/sanignacioconcepcion.cl\/sitio\/wp-json\/wp\/v2\/categories?post=9905"},{"taxonomy":"post_tag","embeddable":true,"href":"http:\/\/sanignacioconcepcion.cl\/sitio\/wp-json\/wp\/v2\/tags?post=9905"}],"curies":[{"name":"wp","href":"https:\/\/api.w.org\/{rel}","templated":true}]}}