{"id":9912,"date":"2025-04-30T15:24:17","date_gmt":"2025-04-30T18:24:17","guid":{"rendered":"https:\/\/sanignacioconcepcion.cl\/sitio\/?p=9912"},"modified":"2025-04-30T15:24:17","modified_gmt":"2025-04-30T18:24:17","slug":"el-mej-finaliza-campamento-de-monitores-con-emotiva-despedida","status":"publish","type":"post","link":"http:\/\/sanignacioconcepcion.cl\/sitio\/el-mej-finaliza-campamento-de-monitores-con-emotiva-despedida\/","title":{"rendered":"El MEJ finaliza campamento de monitores con emotiva despedida"},"content":{"rendered":"<p><span style=\"font-weight: 400;\">El pasado fin de semana, el Movimiento Eucar\u00edstico Juvenil (MEJ) realiz\u00f3 el cierre del campamento de monitores en Montahue, en un espacio de formaci\u00f3n, comunidad y reflexi\u00f3n. La experiencia culmin\u00f3 el domingo con la Misa de la comunidad, donde los j\u00f3venes agradecieron especialmente a <\/span><b>Karina Lagos<\/b><span style=\"font-weight: 400;\">, quien durante estos a\u00f1os fue su monitora, acompa\u00f1ando con dedicaci\u00f3n, cari\u00f1o y compromiso su proceso formativo.<\/span><\/p>\n<p><span style=\"font-weight: 400;\">Este momento marc\u00f3 el cierre de una etapa y el comienzo de nuevos desaf\u00edos para quienes hoy asumen con entusiasmo el rol de animadores en la comunidad MEJ.<\/span><\/p>\n","protected":false},"excerpt":{"rendered":"<p>El pasado fin de semana, el Movimiento Eucar\u00edstico Juvenil (MEJ) realiz\u00f3 el cierre del campamento de monitores en Montahue, en un espacio de formaci\u00f3n, comunidad y reflexi\u00f3n. La experiencia culmin\u00f3 el domingo con la Misa de la comunidad, donde los j\u00f3venes agradecieron especialmente a Karina Lagos, quien durante estos a\u00f1os fue su monitora, acompa\u00f1ando con&hellip;<\/p>\n","protected":false},"author":1,"featured_media":9913,"comment_status":"closed","ping_status":"closed","sticky":false,"template":"","format":"standard","meta":[],"categories":[4],"tags":[],"_links":{"self":[{"href":"http:\/\/sanignacioconcepcion.cl\/sitio\/wp-json\/wp\/v2\/posts\/9912"}],"collection":[{"href":"http:\/\/sanignacioconcepcion.cl\/sitio\/wp-json\/wp\/v2\/posts"}],"about":[{"href":"http:\/\/sanignacioconcepcion.cl\/sitio\/wp-json\/wp\/v2\/types\/post"}],"author":[{"embeddable":true,"href":"http:\/\/sanignacioconcepcion.cl\/sitio\/wp-json\/wp\/v2\/users\/1"}],"replies":[{"embeddable":true,"href":"http:\/\/sanignacioconcepcion.cl\/sitio\/wp-json\/wp\/v2\/comments?post=9912"}],"version-history":[{"count":1,"href":"http:\/\/sanignacioconcepcion.cl\/sitio\/wp-json\/wp\/v2\/posts\/9912\/revisions"}],"predecessor-version":[{"id":9914,"href":"http:\/\/sanignacioconcepcion.cl\/sitio\/wp-json\/wp\/v2\/posts\/9912\/revisions\/9914"}],"wp:featuredmedia":[{"embeddable":true,"href":"http:\/\/sanignacioconcepcion.cl\/sitio\/wp-json\/wp\/v2\/media\/9913"}],"wp:attachment":[{"href":"http:\/\/sanignacioconcepcion.cl\/sitio\/wp-json\/wp\/v2\/media?parent=9912"}],"wp:term":[{"taxonomy":"category","embeddable":true,"href":"http:\/\/sanignacioconcepcion.cl\/sitio\/wp-json\/wp\/v2\/categories?post=9912"},{"taxonomy":"post_tag","embeddable":true,"href":"http:\/\/sanignacioconcepcion.cl\/sitio\/wp-json\/wp\/v2\/tags?post=9912"}],"curies":[{"name":"wp","href":"https:\/\/api.w.org\/{rel}","templated":true}]}}