{"id":9915,"date":"2025-04-30T15:44:49","date_gmt":"2025-04-30T18:44:49","guid":{"rendered":"https:\/\/sanignacioconcepcion.cl\/sitio\/?p=9915"},"modified":"2025-04-30T15:44:49","modified_gmt":"2025-04-30T18:44:49","slug":"inicio-la-catequesis-para-3o-basico","status":"publish","type":"post","link":"http:\/\/sanignacioconcepcion.cl\/sitio\/inicio-la-catequesis-para-3o-basico\/","title":{"rendered":"\u00a1Inici\u00f3 la catequesis para 3\u00ba b\u00e1sico!"},"content":{"rendered":"<p><span style=\"font-weight: 400;\">El s\u00e1bado 26 de abril comenz\u00f3 con alegr\u00eda el proceso de catequesis para los estudiantes de 3\u00ba b\u00e1sico. En este primer encuentro, realizado en la capilla del colegio, participaron alrededor de 40 ni\u00f1os y ni\u00f1as que dieron sus primeros pasos en el camino de preparaci\u00f3n hacia los sacramentos.<\/span><\/p>\n<p><span style=\"font-weight: 400;\">Durante la jornada, los estudiantes compartieron momentos de oraci\u00f3n, din\u00e1micas y formaci\u00f3n, acompa\u00f1ados por sus catequistas y familias, en un ambiente lleno de fe y comunidad.<\/span><\/p>\n<p><span style=\"font-weight: 400;\">Las inscripciones a\u00fan est\u00e1n abiertas <\/span><b>exclusivamente para estudiantes de 3\u00ba b\u00e1sico<\/b><span style=\"font-weight: 400;\">. \u00a1Est\u00e1s a tiempo de sumarte!<\/span><\/p>\n<p><span style=\"font-weight: 400;\">Dudas o consultas: &#112;&#97;&#x73;&#x74;&#111;&#114;&#x61;&#x6c;&#102;&#97;&#x6d;&#x69;&#108;&#105;&#x61;&#x72;&#64;&#99;&#x6f;&#x6c;&#101;&#103;&#x69;&#x6f;&#115;&#105;&#x63;&#x2e;&#99;&#108;<\/span><\/p>\n","protected":false},"excerpt":{"rendered":"<p>El s\u00e1bado 26 de abril comenz\u00f3 con alegr\u00eda el proceso de catequesis para los estudiantes de 3\u00ba b\u00e1sico. En este primer encuentro, realizado en la capilla del colegio, participaron alrededor de 40 ni\u00f1os y ni\u00f1as que dieron sus primeros pasos en el camino de preparaci\u00f3n hacia los sacramentos. Durante la jornada, los estudiantes compartieron momentos&hellip;<\/p>\n","protected":false},"author":1,"featured_media":9916,"comment_status":"closed","ping_status":"closed","sticky":false,"template":"","format":"standard","meta":[],"categories":[4],"tags":[],"_links":{"self":[{"href":"http:\/\/sanignacioconcepcion.cl\/sitio\/wp-json\/wp\/v2\/posts\/9915"}],"collection":[{"href":"http:\/\/sanignacioconcepcion.cl\/sitio\/wp-json\/wp\/v2\/posts"}],"about":[{"href":"http:\/\/sanignacioconcepcion.cl\/sitio\/wp-json\/wp\/v2\/types\/post"}],"author":[{"embeddable":true,"href":"http:\/\/sanignacioconcepcion.cl\/sitio\/wp-json\/wp\/v2\/users\/1"}],"replies":[{"embeddable":true,"href":"http:\/\/sanignacioconcepcion.cl\/sitio\/wp-json\/wp\/v2\/comments?post=9915"}],"version-history":[{"count":1,"href":"http:\/\/sanignacioconcepcion.cl\/sitio\/wp-json\/wp\/v2\/posts\/9915\/revisions"}],"predecessor-version":[{"id":9917,"href":"http:\/\/sanignacioconcepcion.cl\/sitio\/wp-json\/wp\/v2\/posts\/9915\/revisions\/9917"}],"wp:featuredmedia":[{"embeddable":true,"href":"http:\/\/sanignacioconcepcion.cl\/sitio\/wp-json\/wp\/v2\/media\/9916"}],"wp:attachment":[{"href":"http:\/\/sanignacioconcepcion.cl\/sitio\/wp-json\/wp\/v2\/media?parent=9915"}],"wp:term":[{"taxonomy":"category","embeddable":true,"href":"http:\/\/sanignacioconcepcion.cl\/sitio\/wp-json\/wp\/v2\/categories?post=9915"},{"taxonomy":"post_tag","embeddable":true,"href":"http:\/\/sanignacioconcepcion.cl\/sitio\/wp-json\/wp\/v2\/tags?post=9915"}],"curies":[{"name":"wp","href":"https:\/\/api.w.org\/{rel}","templated":true}]}}