{"id":9918,"date":"2025-04-30T16:11:52","date_gmt":"2025-04-30T19:11:52","guid":{"rendered":"https:\/\/sanignacioconcepcion.cl\/sitio\/?p=9918"},"modified":"2025-04-30T16:11:52","modified_gmt":"2025-04-30T19:11:52","slug":"estudiantes-de-la-udec-cierran-proyecto-de-kamishibai-con-cursos-del-sic","status":"publish","type":"post","link":"http:\/\/sanignacioconcepcion.cl\/sitio\/estudiantes-de-la-udec-cierran-proyecto-de-kamishibai-con-cursos-del-sic\/","title":{"rendered":"Estudiantes de la UdeC cierran proyecto de Kamishibai con cursos del SIC"},"content":{"rendered":"<p class=\"\" data-start=\"215\" data-end=\"429\">Este mi\u00e9rcoles 30 de abril, los cursos 2\u00b0C y 3\u00b0B del Colegio San Ignacio Concepci\u00f3n participaron en una enriquecedora actividad en la biblioteca, como cierre de un proyecto de vinculaci\u00f3n con la Universidad de Concepci\u00f3n.<\/p>\n<p class=\"\" data-start=\"431\" data-end=\"834\">Desde el 2024, estudiantes de la Carrera de Pedagog\u00eda en Espa\u00f1ol de la UdeC trabajaron junto a nuestra comunidad en la creaci\u00f3n de l\u00e1minas de Kamishibai, una tradicional t\u00e9cnica japonesa de narraci\u00f3n visual. Este material fue dise\u00f1ado especialmente para ser presentado a estudiantes de los ciclos Loyola y Manresa, combinando creatividad, literatura y recursos pedag\u00f3gicos.<\/p>\n<p class=\"\" data-start=\"836\" data-end=\"1083\">Durante la jornada, los universitarios presentaron y narraron sus cuentos ilustrados a los estudiantes, quienes escucharon con atenci\u00f3n e inter\u00e9s, viviendo una experiencia l\u00fadica y formativa que foment\u00f3 el gusto por la lectura y la expresi\u00f3n oral.<\/p>\n","protected":false},"excerpt":{"rendered":"<p>Este mi\u00e9rcoles 30 de abril, los cursos 2\u00b0C y 3\u00b0B del Colegio San Ignacio Concepci\u00f3n participaron en una enriquecedora actividad en la biblioteca, como cierre de un proyecto de vinculaci\u00f3n con la Universidad de Concepci\u00f3n. Desde el 2024, estudiantes de la Carrera de Pedagog\u00eda en Espa\u00f1ol de la UdeC trabajaron junto a nuestra comunidad en&hellip;<\/p>\n","protected":false},"author":1,"featured_media":9919,"comment_status":"closed","ping_status":"closed","sticky":false,"template":"","format":"standard","meta":[],"categories":[4],"tags":[],"_links":{"self":[{"href":"http:\/\/sanignacioconcepcion.cl\/sitio\/wp-json\/wp\/v2\/posts\/9918"}],"collection":[{"href":"http:\/\/sanignacioconcepcion.cl\/sitio\/wp-json\/wp\/v2\/posts"}],"about":[{"href":"http:\/\/sanignacioconcepcion.cl\/sitio\/wp-json\/wp\/v2\/types\/post"}],"author":[{"embeddable":true,"href":"http:\/\/sanignacioconcepcion.cl\/sitio\/wp-json\/wp\/v2\/users\/1"}],"replies":[{"embeddable":true,"href":"http:\/\/sanignacioconcepcion.cl\/sitio\/wp-json\/wp\/v2\/comments?post=9918"}],"version-history":[{"count":1,"href":"http:\/\/sanignacioconcepcion.cl\/sitio\/wp-json\/wp\/v2\/posts\/9918\/revisions"}],"predecessor-version":[{"id":9920,"href":"http:\/\/sanignacioconcepcion.cl\/sitio\/wp-json\/wp\/v2\/posts\/9918\/revisions\/9920"}],"wp:featuredmedia":[{"embeddable":true,"href":"http:\/\/sanignacioconcepcion.cl\/sitio\/wp-json\/wp\/v2\/media\/9919"}],"wp:attachment":[{"href":"http:\/\/sanignacioconcepcion.cl\/sitio\/wp-json\/wp\/v2\/media?parent=9918"}],"wp:term":[{"taxonomy":"category","embeddable":true,"href":"http:\/\/sanignacioconcepcion.cl\/sitio\/wp-json\/wp\/v2\/categories?post=9918"},{"taxonomy":"post_tag","embeddable":true,"href":"http:\/\/sanignacioconcepcion.cl\/sitio\/wp-json\/wp\/v2\/tags?post=9918"}],"curies":[{"name":"wp","href":"https:\/\/api.w.org\/{rel}","templated":true}]}}