{"id":9921,"date":"2025-04-30T16:27:54","date_gmt":"2025-04-30T19:27:54","guid":{"rendered":"https:\/\/sanignacioconcepcion.cl\/sitio\/?p=9921"},"modified":"2025-04-30T16:27:54","modified_gmt":"2025-04-30T19:27:54","slug":"primera-reunion-de-encargados-de-convivencia-escolar-sic","status":"publish","type":"post","link":"http:\/\/sanignacioconcepcion.cl\/sitio\/primera-reunion-de-encargados-de-convivencia-escolar-sic\/","title":{"rendered":"Primera reuni\u00f3n de encargados de Convivencia Escolar SIC"},"content":{"rendered":"<p class=\"\" data-start=\"262\" data-end=\"580\">Este martes 30 de abril, Jos\u00e9 Mora, encargado de Convivencia Escolar del Colegio San Ignacio de Concepci\u00f3n, sostuvo la primera reuni\u00f3n del a\u00f1o con los encargados de convivencia de los niveles que van desde 3\u00b0 b\u00e1sico a 4\u00b0 medio, dando inicio a un nuevo espacio de trabajo colaborativo dentro de la comunidad educativa.<\/p>\n<p class=\"\" data-start=\"582\" data-end=\"816\">El objetivo principal de este encuentro fue consolidar un equipo de Convivencia Escolar, generando lazos y una visi\u00f3n com\u00fan que permita abordar los desaf\u00edos de la convivencia desde una mirada formativa, participativa y preventiva.<\/p>\n<p class=\"\" data-start=\"818\" data-end=\"1073\">Estas reuniones se realizar\u00e1n cada 15 d\u00edas, y buscan promover el di\u00e1logo entre los distintos niveles, compartir experiencias, buenas pr\u00e1cticas y reflexionar sobre el rol fundamental que tiene la convivencia educativa en el quehacer diario del colegio.<\/p>\n","protected":false},"excerpt":{"rendered":"<p>Este martes 30 de abril, Jos\u00e9 Mora, encargado de Convivencia Escolar del Colegio San Ignacio de Concepci\u00f3n, sostuvo la primera reuni\u00f3n del a\u00f1o con los encargados de convivencia de los niveles que van desde 3\u00b0 b\u00e1sico a 4\u00b0 medio, dando inicio a un nuevo espacio de trabajo colaborativo dentro de la comunidad educativa. El objetivo&hellip;<\/p>\n","protected":false},"author":1,"featured_media":9922,"comment_status":"closed","ping_status":"closed","sticky":false,"template":"","format":"standard","meta":[],"categories":[4],"tags":[],"_links":{"self":[{"href":"http:\/\/sanignacioconcepcion.cl\/sitio\/wp-json\/wp\/v2\/posts\/9921"}],"collection":[{"href":"http:\/\/sanignacioconcepcion.cl\/sitio\/wp-json\/wp\/v2\/posts"}],"about":[{"href":"http:\/\/sanignacioconcepcion.cl\/sitio\/wp-json\/wp\/v2\/types\/post"}],"author":[{"embeddable":true,"href":"http:\/\/sanignacioconcepcion.cl\/sitio\/wp-json\/wp\/v2\/users\/1"}],"replies":[{"embeddable":true,"href":"http:\/\/sanignacioconcepcion.cl\/sitio\/wp-json\/wp\/v2\/comments?post=9921"}],"version-history":[{"count":1,"href":"http:\/\/sanignacioconcepcion.cl\/sitio\/wp-json\/wp\/v2\/posts\/9921\/revisions"}],"predecessor-version":[{"id":9923,"href":"http:\/\/sanignacioconcepcion.cl\/sitio\/wp-json\/wp\/v2\/posts\/9921\/revisions\/9923"}],"wp:featuredmedia":[{"embeddable":true,"href":"http:\/\/sanignacioconcepcion.cl\/sitio\/wp-json\/wp\/v2\/media\/9922"}],"wp:attachment":[{"href":"http:\/\/sanignacioconcepcion.cl\/sitio\/wp-json\/wp\/v2\/media?parent=9921"}],"wp:term":[{"taxonomy":"category","embeddable":true,"href":"http:\/\/sanignacioconcepcion.cl\/sitio\/wp-json\/wp\/v2\/categories?post=9921"},{"taxonomy":"post_tag","embeddable":true,"href":"http:\/\/sanignacioconcepcion.cl\/sitio\/wp-json\/wp\/v2\/tags?post=9921"}],"curies":[{"name":"wp","href":"https:\/\/api.w.org\/{rel}","templated":true}]}}