{"id":9926,"date":"2025-05-05T15:12:10","date_gmt":"2025-05-05T18:12:10","guid":{"rendered":"https:\/\/sanignacioconcepcion.cl\/sitio\/?p=9926"},"modified":"2025-05-07T11:49:40","modified_gmt":"2025-05-07T14:49:40","slug":"jornada-de-equipos-directivos","status":"publish","type":"post","link":"http:\/\/sanignacioconcepcion.cl\/sitio\/jornada-de-equipos-directivos\/","title":{"rendered":"REI: Equipos directivos se reunieron para trabajar en un nuevo sello curricular"},"content":{"rendered":"<p><em>Cerca de 120 directivos de los colegios y escuelas de la Red Educacional Ignaciana (REI), se reunieron los d\u00edas 29 y 30 de abril para trabajar en la construcci\u00f3n de lineamientos curriculares que guiar\u00e1n los aprendizajes de m\u00e1s de 15 mil estudiantes desde Antofagasta hasta Puerto Montt.\u00a0\u00a0<\/em><\/p>\n<p><span style=\"font-weight: 400;\">Con el prop\u00f3sito de avanzar hacia una propuesta curricular propia en dialogo con el proceso de actualizaci\u00f3n nacional que lleva a cabo el MINEDUC, la REI convoc\u00f3 a sus equipos directivos para deliberar sobre las oportunidades y desaf\u00edos que la actualizaci\u00f3n de las Bases Curriculares podr\u00eda llevar a las escuelas y colegios de Chile.\u00a0<\/span><\/p>\n<p><span style=\"font-weight: 400;\">La actualizaci\u00f3n del curr\u00edculum nacional impactar\u00e1 los planes de estudio de 1\u00b0 b\u00e1sico a II\u00b0 medio de todos los establecimientos del pa\u00eds, es decir, pr\u00e1cticamente toda la trayectoria escolar obligatoria, cuyas \u00faltimas definiciones oficiales son de 2012, para 1\u00b0 a 6\u00b0 b\u00e1sico, y 2015, para 7\u00b0 b\u00e1sico a II\u00b0 medio. \u201c<\/span><i><span style=\"font-weight: 400;\">Esta actualizaci\u00f3n es m\u00e1s que necesaria, dado c\u00f3mo est\u00e1 cambiando todo, pero implica desaf\u00edos enormes en capacitaci\u00f3n de docentes y ajustes de muchas condiciones para la ense\u00f1anza, c\u00f3mo textos de estudio o uso de tecnolog\u00edas<\/span><\/i><span style=\"font-weight: 400;\">\u201d, se\u00f1ala Juan Crist\u00f3bal Garc\u00eda-Huidobro S.J., presidente de la REI.<\/span><\/p>\n<p><span style=\"font-weight: 400;\">En concreto, los directivos avanzaron en la construcci\u00f3n del Marco Curricular Ignaciano, trabajando en la definici\u00f3n de objetivos de aprendizaje transversales (OATs) propios de la red y en la formulaci\u00f3n de prop\u00f3sitos para cada asignatura pensando en las trayectorias escolares desde prek\u00ednder hasta IV\u00b0 medio.<\/span><\/p>\n<p><span style=\"font-weight: 400;\">A la jornada de trabajo fue invitado Cristi\u00e1n Cox\u2013como ex Coordinador Nacional de la Unidad de Curr\u00edculum del MINEDUC y actual candidato al Premio Nacional de Educaci\u00f3n, quien comenta sobre lo realizado: <\/span><i><span style=\"font-weight: 400;\">\u201cYo he sido testigo parcial de este proceso de construcci\u00f3n y lo primero que puedo decir es que es un proceso \u00fanico. He participado en construcciones curriculares de diverso orden trabajando en el MINEDUC y tambi\u00e9n conozco de construcciones a nivel nacional universitario y escolar y, sobre esa base, puedo decir que este proceso no tiene comparaci\u00f3n en su modo de trabajar. Lo que est\u00e1 haciendo la REI es factible e inspirador, pero subversivo total\u201d.\u00a0<\/span><\/i><\/p>\n<p><span style=\"font-weight: 400;\">En la misma l\u00ednea, Luz Mar\u00eda Budge, presidenta del Consejo Nacional de Educaci\u00f3n, coment\u00f3<\/span><b><i>:<\/i><\/b><i><span style=\"font-weight: 400;\"> \u201cLa REI est\u00e1 pensando en un sello curricular propio y esas son definiciones dif\u00edciles y muy importantes. Yo creo que si hay una instituci\u00f3n que est\u00e1 preparada para ese desaf\u00edo esa es la Red Ignaciana; con la experiencia que tienen en colegios diversos; con la inquietud que mueve a sus equipos directivos; con los asesores que tienen, creo que pueden hacer algo muy estimulante e importante. Si a la Red Ignaciana le resulta este sello, creo que esto podr\u00eda ser replicable a muchas otras redes que est\u00e1n incursionando en preguntas curriculares de fondo\u201d.<\/span><\/i><\/p>\n<p><span style=\"font-weight: 400;\">La REI busca as\u00ed adelantarse al debate nacional con una propuesta que combine identidad institucional e innovaci\u00f3n pedag\u00f3gica.<\/span> <span style=\"font-weight: 400;\">Viviana Castillo, coordinadora nacional de la Unidad de Curr\u00edculum y Evaluaci\u00f3n del MINEDUC, valor\u00f3 el proceso:<\/span><i><span style=\"font-weight: 400;\"> \u201cSe trata de tomar las Bases Curriculares, hacerlas propias y traducirlas en documentos que den cuenta de su identidad\u201d.<\/span><\/i><\/p>\n<p><span style=\"font-weight: 400;\">De esta manera, la REI se est\u00e1 planteando ser pionera en la actualizaci\u00f3n del curr\u00edculum, para ofrecer a las familias y al sistema educativo nacional un modelo robusto de formaci\u00f3n integral, inclusi\u00f3n y calidad.<\/span><\/p>\n<h6>Informaci\u00f3n de <em>Red Educacional Ignaciana<\/em><\/h6>\n<p>&nbsp;<\/p>\n<hr \/>\n<p class=\"\" data-start=\"941\" data-end=\"1357\"><strong>El Presidente de la Red Educacional Ignaciana, Juan Crist\u00f3bal Garc\u00eda-Huidobro M. S.J., particip\u00f3 en el noticiero T13 Digital PM<\/strong> <a href=\"https:\/\/www.instagram.com\/reel\/DJH7uKARamo\/\"><span style=\"color: #800000;\"><strong>Ver entrevista<\/strong><\/span><\/a><\/p>\n","protected":false},"excerpt":{"rendered":"<p>Cerca de 120 directivos de los colegios y escuelas de la Red Educacional Ignaciana (REI), se reunieron los d\u00edas 29 y 30 de abril para trabajar en la construcci\u00f3n de lineamientos curriculares que guiar\u00e1n los aprendizajes de m\u00e1s de 15 mil estudiantes desde Antofagasta hasta Puerto Montt.\u00a0\u00a0 Con el prop\u00f3sito de avanzar hacia una propuesta&hellip;<\/p>\n","protected":false},"author":1,"featured_media":9927,"comment_status":"closed","ping_status":"closed","sticky":false,"template":"","format":"standard","meta":[],"categories":[4],"tags":[],"_links":{"self":[{"href":"http:\/\/sanignacioconcepcion.cl\/sitio\/wp-json\/wp\/v2\/posts\/9926"}],"collection":[{"href":"http:\/\/sanignacioconcepcion.cl\/sitio\/wp-json\/wp\/v2\/posts"}],"about":[{"href":"http:\/\/sanignacioconcepcion.cl\/sitio\/wp-json\/wp\/v2\/types\/post"}],"author":[{"embeddable":true,"href":"http:\/\/sanignacioconcepcion.cl\/sitio\/wp-json\/wp\/v2\/users\/1"}],"replies":[{"embeddable":true,"href":"http:\/\/sanignacioconcepcion.cl\/sitio\/wp-json\/wp\/v2\/comments?post=9926"}],"version-history":[{"count":3,"href":"http:\/\/sanignacioconcepcion.cl\/sitio\/wp-json\/wp\/v2\/posts\/9926\/revisions"}],"predecessor-version":[{"id":9944,"href":"http:\/\/sanignacioconcepcion.cl\/sitio\/wp-json\/wp\/v2\/posts\/9926\/revisions\/9944"}],"wp:featuredmedia":[{"embeddable":true,"href":"http:\/\/sanignacioconcepcion.cl\/sitio\/wp-json\/wp\/v2\/media\/9927"}],"wp:attachment":[{"href":"http:\/\/sanignacioconcepcion.cl\/sitio\/wp-json\/wp\/v2\/media?parent=9926"}],"wp:term":[{"taxonomy":"category","embeddable":true,"href":"http:\/\/sanignacioconcepcion.cl\/sitio\/wp-json\/wp\/v2\/categories?post=9926"},{"taxonomy":"post_tag","embeddable":true,"href":"http:\/\/sanignacioconcepcion.cl\/sitio\/wp-json\/wp\/v2\/tags?post=9926"}],"curies":[{"name":"wp","href":"https:\/\/api.w.org\/{rel}","templated":true}]}}