{"id":9929,"date":"2025-05-05T15:17:16","date_gmt":"2025-05-05T18:17:16","guid":{"rendered":"https:\/\/sanignacioconcepcion.cl\/sitio\/?p=9929"},"modified":"2025-05-05T15:17:16","modified_gmt":"2025-05-05T18:17:16","slug":"celebracion-de-la-cruz-de-mayo-en-el-colegio-san-ignacio","status":"publish","type":"post","link":"http:\/\/sanignacioconcepcion.cl\/sitio\/celebracion-de-la-cruz-de-mayo-en-el-colegio-san-ignacio\/","title":{"rendered":"Celebraci\u00f3n de la Cruz de Mayo en el Colegio San Ignacio"},"content":{"rendered":"<p>Este lunes 5 de mayo, la comunidad educativa del Colegio San Ignacio vivi\u00f3 con alegr\u00eda y esp\u00edritu solidario la tradicional celebraci\u00f3n de la Cruz de Mayo, una expresi\u00f3n de fe y cultura popular que promueve los valores de la solidaridad, la esperanza y el compromiso cristiano.<\/p>\n<p>Durante la jornada, profesores y estudiantes recorrieron los distintos espacios del colegio entonando cantos\u00a0 y portando una colorida cruz decorada con flores y s\u00edmbolos. En cada estaci\u00f3n del recorrido, se invit\u00f3 a los presentes a sumarse a esta conmemoraci\u00f3n mediante la colaboraci\u00f3n con alimentos no perecibles, los cuales son destinados al <i>Lunes Solidario<\/i>, una iniciativa que busca apoyar a familias que enfrentan situaciones de vulnerabilidad.<\/p>\n<p>Agradecemos profundamente la participaci\u00f3n entusiasta de estudiantes, docentes y personal del establecimiento, as\u00ed como la generosidad de quienes respondieron con compromiso a esta convocatoria solidaria. <span style=\"color: #800000;\"><a style=\"color: #800000;\" href=\"https:\/\/photos.app.goo.gl\/ryvwGzVrLYac1zAM7\"><strong>Ver fotos<\/strong><\/a><\/span><\/p>\n","protected":false},"excerpt":{"rendered":"<p>Este lunes 5 de mayo, la comunidad educativa del Colegio San Ignacio vivi\u00f3 con alegr\u00eda y esp\u00edritu solidario la tradicional celebraci\u00f3n de la Cruz de Mayo, una expresi\u00f3n de fe y cultura popular que promueve los valores de la solidaridad, la esperanza y el compromiso cristiano. Durante la jornada, profesores y estudiantes recorrieron los distintos&hellip;<\/p>\n","protected":false},"author":1,"featured_media":9930,"comment_status":"closed","ping_status":"closed","sticky":false,"template":"","format":"standard","meta":[],"categories":[4],"tags":[],"_links":{"self":[{"href":"http:\/\/sanignacioconcepcion.cl\/sitio\/wp-json\/wp\/v2\/posts\/9929"}],"collection":[{"href":"http:\/\/sanignacioconcepcion.cl\/sitio\/wp-json\/wp\/v2\/posts"}],"about":[{"href":"http:\/\/sanignacioconcepcion.cl\/sitio\/wp-json\/wp\/v2\/types\/post"}],"author":[{"embeddable":true,"href":"http:\/\/sanignacioconcepcion.cl\/sitio\/wp-json\/wp\/v2\/users\/1"}],"replies":[{"embeddable":true,"href":"http:\/\/sanignacioconcepcion.cl\/sitio\/wp-json\/wp\/v2\/comments?post=9929"}],"version-history":[{"count":1,"href":"http:\/\/sanignacioconcepcion.cl\/sitio\/wp-json\/wp\/v2\/posts\/9929\/revisions"}],"predecessor-version":[{"id":9931,"href":"http:\/\/sanignacioconcepcion.cl\/sitio\/wp-json\/wp\/v2\/posts\/9929\/revisions\/9931"}],"wp:featuredmedia":[{"embeddable":true,"href":"http:\/\/sanignacioconcepcion.cl\/sitio\/wp-json\/wp\/v2\/media\/9930"}],"wp:attachment":[{"href":"http:\/\/sanignacioconcepcion.cl\/sitio\/wp-json\/wp\/v2\/media?parent=9929"}],"wp:term":[{"taxonomy":"category","embeddable":true,"href":"http:\/\/sanignacioconcepcion.cl\/sitio\/wp-json\/wp\/v2\/categories?post=9929"},{"taxonomy":"post_tag","embeddable":true,"href":"http:\/\/sanignacioconcepcion.cl\/sitio\/wp-json\/wp\/v2\/tags?post=9929"}],"curies":[{"name":"wp","href":"https:\/\/api.w.org\/{rel}","templated":true}]}}