{"id":9932,"date":"2025-05-06T15:27:09","date_gmt":"2025-05-06T18:27:09","guid":{"rendered":"https:\/\/sanignacioconcepcion.cl\/sitio\/?p=9932"},"modified":"2025-05-06T15:27:09","modified_gmt":"2025-05-06T18:27:09","slug":"informacion-convenio-de-evaluacion-medica-y-nutricional-para-estudiantes","status":"publish","type":"post","link":"http:\/\/sanignacioconcepcion.cl\/sitio\/informacion-convenio-de-evaluacion-medica-y-nutricional-para-estudiantes\/","title":{"rendered":"INFORMACI\u00d3N: Convenio de evaluaci\u00f3n m\u00e9dica y nutricional para estudiantes"},"content":{"rendered":"<p>Estimados padres, madres y apoderados\/as<\/p>\n<p>Desde la Oficina de Apoyo Social, nos complace informar que hemos establecido un valioso convenio con la Universidad San Sebasti\u00e1n, el cual permitir\u00e1 a estudiantes de nuestra comunidad educativa participar en un proyecto gratuito de evaluaci\u00f3n integral de salud para adolescentes de entre 10 y 16 a\u00f1os con exceso de peso.<\/p>\n<p>Este proyecto tiene como objetivo contribuir al bienestar y salud de los\/as j\u00f3venes, ofreciendo una completa evaluaci\u00f3n m\u00e9dica y nutricional, realizada por un equipo profesional de la universidad.<\/p>\n<p>Los beneficios incluyen:<br \/>\n\u2022 Evaluaci\u00f3n Nutricional completa y entrega de recomendaciones.<br \/>\n\u2022 Evaluaci\u00f3n f\u00edsica completa (peso, talla y determinaci\u00f3n de \u00edndice de grasa corporal).<br \/>\n\u2022 Educaci\u00f3n en salud y alimentaci\u00f3n.<br \/>\n\u2022 Test olfativo (determinaci\u00f3n del olfato)<br \/>\n\u2022 Examen de sangre que mide par\u00e1metros como insulina, glicemia y perfil lip\u00eddico (colesteroles), cuyos resultados se env\u00edan por correo a madres\/padres\/apoderados.<br \/>\n\u2022 En caso de alteraci\u00f3n en alg\u00fan resultado, se realizar\u00e1 una orientaci\u00f3n online personalizada, con entrega de una pauta de evaluaci\u00f3n.<br \/>\n\u2022 La evaluaci\u00f3n se realizar\u00e1 en la Universidad San Sebasti\u00e1n, en una \u00fanica jornada de 08:30 a 11:00 horas.<\/p>\n<p>Adem\u00e1s, se reembolsa $10.000 por concepto de movilizaci\u00f3n y se entrega una peque\u00f1a colaci\u00f3n saludable durante la jornada.<\/p>\n<p><strong>Importante:<\/strong><br \/>\n\u2022 El proyecto es completamente gratuito.<\/p>\n<p>\u2022 Se dar\u00e1 prioridad a adolescentes con exceso de peso.<\/p>\n<p>Para Para postular, pueden escanear el c\u00f3digo QR del afiche adjunto o escribir directamente al correo <a href=\"&#x6e;&#117;t&#x72;&#x69;&#103;e&#x6e;&#x65;&#97;t&#x40;&#103;m&#x61;&#x69;&#108;&#46;&#x63;&#x6f;&#109;\">&#110;u&#x74;r&#x69;g&#x65;n&#x65;&#97;&#x74;&#64;&#x67;&#109;&#x61;&#105;l&#46;c&#x6f;m<\/a><\/p>\n<p>\u00a1Sigamos trabajando juntos por el bienestar de nuestros estudiantes!<\/p>\n<p><img loading=\"lazy\" class=\"alignnone size-full wp-image-9933\" src=\"http:\/\/sanignacioconcepcion.cl\/sitio\/wp-content\/uploads\/2025\/05\/Captura-de-Pantalla-2025-05-06-a-las-14.27.04.png\" alt=\"\" width=\"652\" height=\"701\" srcset=\"http:\/\/sanignacioconcepcion.cl\/sitio\/wp-content\/uploads\/2025\/05\/Captura-de-Pantalla-2025-05-06-a-las-14.27.04.png 652w, http:\/\/sanignacioconcepcion.cl\/sitio\/wp-content\/uploads\/2025\/05\/Captura-de-Pantalla-2025-05-06-a-las-14.27.04-600x645.png 600w\" sizes=\"(max-width: 652px) 100vw, 652px\" \/><\/p>\n","protected":false},"excerpt":{"rendered":"<p>Estimados padres, madres y apoderados\/as Desde la Oficina de Apoyo Social, nos complace informar que hemos establecido un valioso convenio con la Universidad San Sebasti\u00e1n, el cual permitir\u00e1 a estudiantes de nuestra comunidad educativa participar en un proyecto gratuito de evaluaci\u00f3n integral de salud para adolescentes de entre 10 y 16 a\u00f1os con exceso de&hellip;<\/p>\n","protected":false},"author":1,"featured_media":0,"comment_status":"closed","ping_status":"closed","sticky":false,"template":"","format":"standard","meta":[],"categories":[3],"tags":[],"_links":{"self":[{"href":"http:\/\/sanignacioconcepcion.cl\/sitio\/wp-json\/wp\/v2\/posts\/9932"}],"collection":[{"href":"http:\/\/sanignacioconcepcion.cl\/sitio\/wp-json\/wp\/v2\/posts"}],"about":[{"href":"http:\/\/sanignacioconcepcion.cl\/sitio\/wp-json\/wp\/v2\/types\/post"}],"author":[{"embeddable":true,"href":"http:\/\/sanignacioconcepcion.cl\/sitio\/wp-json\/wp\/v2\/users\/1"}],"replies":[{"embeddable":true,"href":"http:\/\/sanignacioconcepcion.cl\/sitio\/wp-json\/wp\/v2\/comments?post=9932"}],"version-history":[{"count":1,"href":"http:\/\/sanignacioconcepcion.cl\/sitio\/wp-json\/wp\/v2\/posts\/9932\/revisions"}],"predecessor-version":[{"id":9934,"href":"http:\/\/sanignacioconcepcion.cl\/sitio\/wp-json\/wp\/v2\/posts\/9932\/revisions\/9934"}],"wp:attachment":[{"href":"http:\/\/sanignacioconcepcion.cl\/sitio\/wp-json\/wp\/v2\/media?parent=9932"}],"wp:term":[{"taxonomy":"category","embeddable":true,"href":"http:\/\/sanignacioconcepcion.cl\/sitio\/wp-json\/wp\/v2\/categories?post=9932"},{"taxonomy":"post_tag","embeddable":true,"href":"http:\/\/sanignacioconcepcion.cl\/sitio\/wp-json\/wp\/v2\/tags?post=9932"}],"curies":[{"name":"wp","href":"https:\/\/api.w.org\/{rel}","templated":true}]}}