{"id":9935,"date":"2025-05-06T15:30:56","date_gmt":"2025-05-06T18:30:56","guid":{"rendered":"https:\/\/sanignacioconcepcion.cl\/sitio\/?p=9935"},"modified":"2025-05-06T15:30:56","modified_gmt":"2025-05-06T18:30:56","slug":"informacion-convenio-de-atencion-odontologica-infantil","status":"publish","type":"post","link":"http:\/\/sanignacioconcepcion.cl\/sitio\/informacion-convenio-de-atencion-odontologica-infantil\/","title":{"rendered":"INFORMACI\u00d3N: Convenio de atenci\u00f3n odontol\u00f3gica infantil"},"content":{"rendered":"<p>Estimados padres, madres y apoderados:<\/p>\n<p>Nos es grato informar a toda nuestra comunidad educativa que, en el marco de nuestro compromiso con la formaci\u00f3n integral de nuestros estudiantes y el fortalecimiento de los lazos con nuestros ex alumnos, hemos concretado una significativa alianza en beneficio de la salud bucal de nuestros ni\u00f1os y ni\u00f1as.<\/p>\n<p>Gracias a la iniciativa de la ex alumna Valentina Alejandra Poblete Mu\u00f1oz, estudiante de quinto a\u00f1o de la carrera de Odontolog\u00eda en la Universidad de Concepci\u00f3n, y a trav\u00e9s de un proceso de di\u00e1logo y coordinaci\u00f3n con nuestra profesional del \u00e1rea social, se ha formalizado un convenio de atenci\u00f3n odontol\u00f3gica infantil destinado a estudiantes entre los 4 y 12 a\u00f1os de edad.<\/p>\n<p>Esta propuesta nace desde un profundo sentido de empat\u00eda, solidaridad y compromiso social, valores que nuestra instituci\u00f3n promueve activamente y que, en esta ocasi\u00f3n, se ven reflejados en el gesto de Valentina, quien, motivada por su experiencia formativa en nuestro establecimiento, decidi\u00f3 retribuir a su comunidad educativa mediante un servicio profesional de gran impacto social.<\/p>\n<p>El convenio incluye una evaluaci\u00f3n odontol\u00f3gica gratuita y un tratamiento integral por un valor accesible de $25.000, el cual considera diagn\u00f3stico, prevenci\u00f3n, educaci\u00f3n en salud oral y procedimientos restaurativos, adecuados a las necesidades cl\u00ednicas de cada ni\u00f1o o ni\u00f1a.<\/p>\n<p>Este acuerdo no solo representa una oportunidad concreta para acceder a atenci\u00f3n odontol\u00f3gica de calidad, sino tambi\u00e9n un ejemplo inspirador del valor de formar ciudadanos comprometidos con su entorno.<\/p>\n<p>Invitamos a todas las familias interesadas a contactar con las estudiantes de quinto a\u00f1o de la carrera de odontolog\u00eda de la universidad de concepci\u00f3n directamente para coordinar una hora de diagn\u00f3stico sin costo para luego poder iniciar tratamiento correspondiente.<\/p>\n<p><strong>Los contactos directos para agendar hora son los siguientes<\/strong><br \/>\n<strong>\u2022 VALENTINA POBLETE +569 93163195<\/strong><br \/>\n<strong>\u2022 ISABELLA QUINTANILLA +569 91248479<\/strong><\/p>\n<p>&nbsp;<\/p>\n<p><img loading=\"lazy\" class=\"alignnone size-full wp-image-9936\" src=\"http:\/\/sanignacioconcepcion.cl\/sitio\/wp-content\/uploads\/2025\/05\/Captura-de-Pantalla-2025-05-06-a-las-14.31.11.png\" alt=\"\" width=\"508\" height=\"705\" \/><\/p>\n","protected":false},"excerpt":{"rendered":"<p>Estimados padres, madres y apoderados: Nos es grato informar a toda nuestra comunidad educativa que, en el marco de nuestro compromiso con la formaci\u00f3n integral de nuestros estudiantes y el fortalecimiento de los lazos con nuestros ex alumnos, hemos concretado una significativa alianza en beneficio de la salud bucal de nuestros ni\u00f1os y ni\u00f1as. Gracias&hellip;<\/p>\n","protected":false},"author":1,"featured_media":0,"comment_status":"closed","ping_status":"closed","sticky":false,"template":"","format":"standard","meta":[],"categories":[3],"tags":[],"_links":{"self":[{"href":"http:\/\/sanignacioconcepcion.cl\/sitio\/wp-json\/wp\/v2\/posts\/9935"}],"collection":[{"href":"http:\/\/sanignacioconcepcion.cl\/sitio\/wp-json\/wp\/v2\/posts"}],"about":[{"href":"http:\/\/sanignacioconcepcion.cl\/sitio\/wp-json\/wp\/v2\/types\/post"}],"author":[{"embeddable":true,"href":"http:\/\/sanignacioconcepcion.cl\/sitio\/wp-json\/wp\/v2\/users\/1"}],"replies":[{"embeddable":true,"href":"http:\/\/sanignacioconcepcion.cl\/sitio\/wp-json\/wp\/v2\/comments?post=9935"}],"version-history":[{"count":1,"href":"http:\/\/sanignacioconcepcion.cl\/sitio\/wp-json\/wp\/v2\/posts\/9935\/revisions"}],"predecessor-version":[{"id":9937,"href":"http:\/\/sanignacioconcepcion.cl\/sitio\/wp-json\/wp\/v2\/posts\/9935\/revisions\/9937"}],"wp:attachment":[{"href":"http:\/\/sanignacioconcepcion.cl\/sitio\/wp-json\/wp\/v2\/media?parent=9935"}],"wp:term":[{"taxonomy":"category","embeddable":true,"href":"http:\/\/sanignacioconcepcion.cl\/sitio\/wp-json\/wp\/v2\/categories?post=9935"},{"taxonomy":"post_tag","embeddable":true,"href":"http:\/\/sanignacioconcepcion.cl\/sitio\/wp-json\/wp\/v2\/tags?post=9935"}],"curies":[{"name":"wp","href":"https:\/\/api.w.org\/{rel}","templated":true}]}}