{"id":9945,"date":"2025-05-08T11:23:05","date_gmt":"2025-05-08T14:23:05","guid":{"rendered":"https:\/\/sanignacioconcepcion.cl\/sitio\/?p=9945"},"modified":"2025-05-08T11:23:05","modified_gmt":"2025-05-08T14:23:05","slug":"educadores-participaron-en-jornada-de-formacion","status":"publish","type":"post","link":"http:\/\/sanignacioconcepcion.cl\/sitio\/educadores-participaron-en-jornada-de-formacion\/","title":{"rendered":"Educadores participaron en jornada de formaci\u00f3n"},"content":{"rendered":"<p><span style=\"font-weight: 400;\">El martes 6 de mayo, se llev\u00f3 a cabo la jornada de formaci\u00f3n \u201cEl respeto, la tolerancia y la no discriminaci\u00f3n, reconociendo la dignidad de toda persona, por ser hijos e hijas de Dios\u201d,\u00a0 dirigida a los educadores. La jornada estuvo a cargo del capell\u00e1n Juan Pablo Moyano, quien abord\u00f3 temas fundamentales relacionados con el valor de la dignidad humana, un principio clave dentro del Proyecto Educativo Institucional.<\/span><\/p>\n<p><span style=\"font-weight: 400;\">Durante la formaci\u00f3n, se destac\u00f3 la importancia de reconocer la dignidad de cada persona y se profundiz\u00f3 en los mensajes de la enc\u00edclica Fratelli Tutti del Papa Francisco, enfoc\u00e1ndose en los pilares para construir una sociedad m\u00e1s inclusiva y respetuosa.<\/span><\/p>\n<p><span style=\"font-weight: 400;\">Al finalizar la jornada, los educadores participaron en una actividad pr\u00e1ctica en grupos, donde tuvieron la oportunidad de reflexionar sobre lo expuesto y, posteriormente, anotaron en papeles las fortalezas actuales de la instituci\u00f3n y las \u00e1reas en las que a\u00fan falta avanzar. Esta actividad culmin\u00f3 en la construcci\u00f3n de un \u201cpuente simb\u00f3lico\u201d que represent\u00f3 las acciones necesarias para fortalecer los valores de respeto y dignidad en la comunidad educativa.<\/span><\/p>\n","protected":false},"excerpt":{"rendered":"<p>El martes 6 de mayo, se llev\u00f3 a cabo la jornada de formaci\u00f3n \u201cEl respeto, la tolerancia y la no discriminaci\u00f3n, reconociendo la dignidad de toda persona, por ser hijos e hijas de Dios\u201d,\u00a0 dirigida a los educadores. La jornada estuvo a cargo del capell\u00e1n Juan Pablo Moyano, quien abord\u00f3 temas fundamentales relacionados con el&hellip;<\/p>\n","protected":false},"author":1,"featured_media":9946,"comment_status":"closed","ping_status":"closed","sticky":false,"template":"","format":"standard","meta":[],"categories":[4],"tags":[],"_links":{"self":[{"href":"http:\/\/sanignacioconcepcion.cl\/sitio\/wp-json\/wp\/v2\/posts\/9945"}],"collection":[{"href":"http:\/\/sanignacioconcepcion.cl\/sitio\/wp-json\/wp\/v2\/posts"}],"about":[{"href":"http:\/\/sanignacioconcepcion.cl\/sitio\/wp-json\/wp\/v2\/types\/post"}],"author":[{"embeddable":true,"href":"http:\/\/sanignacioconcepcion.cl\/sitio\/wp-json\/wp\/v2\/users\/1"}],"replies":[{"embeddable":true,"href":"http:\/\/sanignacioconcepcion.cl\/sitio\/wp-json\/wp\/v2\/comments?post=9945"}],"version-history":[{"count":1,"href":"http:\/\/sanignacioconcepcion.cl\/sitio\/wp-json\/wp\/v2\/posts\/9945\/revisions"}],"predecessor-version":[{"id":9947,"href":"http:\/\/sanignacioconcepcion.cl\/sitio\/wp-json\/wp\/v2\/posts\/9945\/revisions\/9947"}],"wp:featuredmedia":[{"embeddable":true,"href":"http:\/\/sanignacioconcepcion.cl\/sitio\/wp-json\/wp\/v2\/media\/9946"}],"wp:attachment":[{"href":"http:\/\/sanignacioconcepcion.cl\/sitio\/wp-json\/wp\/v2\/media?parent=9945"}],"wp:term":[{"taxonomy":"category","embeddable":true,"href":"http:\/\/sanignacioconcepcion.cl\/sitio\/wp-json\/wp\/v2\/categories?post=9945"},{"taxonomy":"post_tag","embeddable":true,"href":"http:\/\/sanignacioconcepcion.cl\/sitio\/wp-json\/wp\/v2\/tags?post=9945"}],"curies":[{"name":"wp","href":"https:\/\/api.w.org\/{rel}","templated":true}]}}