{"id":9950,"date":"2025-05-08T15:43:48","date_gmt":"2025-05-08T18:43:48","guid":{"rendered":"https:\/\/sanignacioconcepcion.cl\/sitio\/?p=9950"},"modified":"2025-05-08T15:43:48","modified_gmt":"2025-05-08T18:43:48","slug":"colegio-san-ignacio-concepcion-acoge-con-alegria-el-signo-peregrino","status":"publish","type":"post","link":"http:\/\/sanignacioconcepcion.cl\/sitio\/colegio-san-ignacio-concepcion-acoge-con-alegria-el-signo-peregrino\/","title":{"rendered":"Colegio San Ignacio Concepci\u00f3n acoge con alegr\u00eda el Signo Peregrino"},"content":{"rendered":"<p>La ma\u00f1ana de este jueves 8 de mayo, en una breve pero significativa ceremonia, recibimos con alegr\u00eda el <strong>Signo Peregrino<\/strong> con el logo oficial del Jubileo 2025 y el lema <i>\u201cPeregrinos de esperanza\u201d<\/i>.<\/p>\n<p>Estudiantes del Instituto de Humanidades de Coronel, junto a su coordinadora pastoral Viviana Gonz\u00e1lez, fueron los encargados de entregarlo a nuestra comunidad educativa, como un gesto visible de la fe que se fortalece al caminar juntos.<\/p>\n<p>La ceremonia se llev\u00f3 a cabo en la capilla del Colegio San Ignacio y fue guiada por nuestro capell\u00e1n, P. Juan Pablo Moyano SJ, quien explic\u00f3 a los presentes el sentido profundo del A\u00f1o Jubilar. Posteriormente, se realiz\u00f3 una actividad de reflexi\u00f3n.<\/p>\n<p><span style=\"font-weight: 400;\">Esta iniciativa forma parte del recorrido que realizar\u00e1 el Signo Peregrino por los colegios de Iglesia de la Arquidi\u00f3cesis de Concepci\u00f3n, organizada por la Vicar\u00eda Pastoral para la Educaci\u00f3n.<span style=\"color: #800000;\"><strong><a style=\"color: #800000;\" href=\"https:\/\/photos.app.goo.gl\/G7KxREU88FbKb78u8\">Ver fotos<\/a><\/strong><\/span><\/span><\/p>\n<p>&nbsp;<\/p>\n<p>&nbsp;<\/p>\n","protected":false},"excerpt":{"rendered":"<p>La ma\u00f1ana de este jueves 8 de mayo, en una breve pero significativa ceremonia, recibimos con alegr\u00eda el Signo Peregrino con el logo oficial del Jubileo 2025 y el lema \u201cPeregrinos de esperanza\u201d. Estudiantes del Instituto de Humanidades de Coronel, junto a su coordinadora pastoral Viviana Gonz\u00e1lez, fueron los encargados de entregarlo a nuestra comunidad&hellip;<\/p>\n","protected":false},"author":1,"featured_media":9951,"comment_status":"closed","ping_status":"closed","sticky":false,"template":"","format":"standard","meta":[],"categories":[4],"tags":[],"_links":{"self":[{"href":"http:\/\/sanignacioconcepcion.cl\/sitio\/wp-json\/wp\/v2\/posts\/9950"}],"collection":[{"href":"http:\/\/sanignacioconcepcion.cl\/sitio\/wp-json\/wp\/v2\/posts"}],"about":[{"href":"http:\/\/sanignacioconcepcion.cl\/sitio\/wp-json\/wp\/v2\/types\/post"}],"author":[{"embeddable":true,"href":"http:\/\/sanignacioconcepcion.cl\/sitio\/wp-json\/wp\/v2\/users\/1"}],"replies":[{"embeddable":true,"href":"http:\/\/sanignacioconcepcion.cl\/sitio\/wp-json\/wp\/v2\/comments?post=9950"}],"version-history":[{"count":1,"href":"http:\/\/sanignacioconcepcion.cl\/sitio\/wp-json\/wp\/v2\/posts\/9950\/revisions"}],"predecessor-version":[{"id":9952,"href":"http:\/\/sanignacioconcepcion.cl\/sitio\/wp-json\/wp\/v2\/posts\/9950\/revisions\/9952"}],"wp:featuredmedia":[{"embeddable":true,"href":"http:\/\/sanignacioconcepcion.cl\/sitio\/wp-json\/wp\/v2\/media\/9951"}],"wp:attachment":[{"href":"http:\/\/sanignacioconcepcion.cl\/sitio\/wp-json\/wp\/v2\/media?parent=9950"}],"wp:term":[{"taxonomy":"category","embeddable":true,"href":"http:\/\/sanignacioconcepcion.cl\/sitio\/wp-json\/wp\/v2\/categories?post=9950"},{"taxonomy":"post_tag","embeddable":true,"href":"http:\/\/sanignacioconcepcion.cl\/sitio\/wp-json\/wp\/v2\/tags?post=9950"}],"curies":[{"name":"wp","href":"https:\/\/api.w.org\/{rel}","templated":true}]}}