{"id":9954,"date":"2025-05-09T11:44:14","date_gmt":"2025-05-09T14:44:14","guid":{"rendered":"https:\/\/sanignacioconcepcion.cl\/sitio\/?p=9954"},"modified":"2025-05-09T11:44:14","modified_gmt":"2025-05-09T14:44:14","slug":"semana-de-basquetbol-escolar-u14-en-el-colegio-san-ignacio","status":"publish","type":"post","link":"http:\/\/sanignacioconcepcion.cl\/sitio\/semana-de-basquetbol-escolar-u14-en-el-colegio-san-ignacio\/","title":{"rendered":"Semana de B\u00e1squetbol Escolar U14 en el Colegio San Ignacio"},"content":{"rendered":"<p class=\"\" data-start=\"230\" data-end=\"550\">Durante esta semana, nuestro gimnasio fue sede de las <strong data-start=\"352\" data-end=\"422\">jornadas clasificatorias de los Juegos Escolares U14 de B\u00e1squetbol<\/strong>, tanto en la categor\u00eda varones como damas, reuniendo a estudiantes de diversos establecimientos educacionales de la regi\u00f3n.<\/p>\n<p class=\"\" data-start=\"552\" data-end=\"706\">El martes 6 de mayo, se llev\u00f3 a cabo la jornada de varones, donde equipos de los siguientes colegios compitieron con entusiasmo y gran nivel deportivo:<\/p>\n<ul data-start=\"708\" data-end=\"1121\">\n<li class=\"\" data-start=\"708\" data-end=\"744\">\n<p class=\"\" data-start=\"710\" data-end=\"744\">The Thomas Jefferson STEM School<\/p>\n<\/li>\n<li class=\"\" data-start=\"745\" data-end=\"782\">\n<p class=\"\" data-start=\"747\" data-end=\"782\">Escuela Recaredo Vigueras Araneda<\/p>\n<\/li>\n<li class=\"\" data-start=\"783\" data-end=\"815\">\n<p class=\"\" data-start=\"785\" data-end=\"815\">Colegio Alem\u00e1n de Concepci\u00f3n<\/p>\n<\/li>\n<li class=\"\" data-start=\"816\" data-end=\"856\">\n<p class=\"\" data-start=\"818\" data-end=\"856\">Colegio La Providencia de Concepci\u00f3n<\/p>\n<\/li>\n<li class=\"\" data-start=\"857\" data-end=\"887\">\n<p class=\"\" data-start=\"859\" data-end=\"887\">Liceo Jorge S\u00e1nchez Ugarte<\/p>\n<\/li>\n<li class=\"\" data-start=\"888\" data-end=\"922\">\n<p class=\"\" data-start=\"890\" data-end=\"922\">Colegio Amanecer de Talcahuano<\/p>\n<\/li>\n<li class=\"\" data-start=\"923\" data-end=\"954\">\n<p class=\"\" data-start=\"925\" data-end=\"954\">Liceo Rep\u00fablica del Ecuador<\/p>\n<\/li>\n<li class=\"\" data-start=\"955\" data-end=\"978\">\n<p class=\"\" data-start=\"957\" data-end=\"978\">Colegio San Ignacio<\/p>\n<\/li>\n<li class=\"\" data-start=\"979\" data-end=\"1015\">\n<p class=\"\" data-start=\"981\" data-end=\"1015\">Colegio Etchegoyen de Talcahuano<\/p>\n<\/li>\n<li class=\"\" data-start=\"1016\" data-end=\"1060\">\n<p class=\"\" data-start=\"1018\" data-end=\"1060\">Colegio Sagrados Corazones de Concepci\u00f3n<\/p>\n<\/li>\n<li class=\"\" data-start=\"1061\" data-end=\"1093\">\n<p class=\"\" data-start=\"1063\" data-end=\"1093\">L.B. Anita Serrano Sep\u00falveda<\/p>\n<\/li>\n<li class=\"\" data-start=\"1094\" data-end=\"1121\">\n<p class=\"\" data-start=\"1096\" data-end=\"1121\">American Junior College<\/p>\n<\/li>\n<\/ul>\n<p class=\"\" data-start=\"1123\" data-end=\"1304\">Y el jueves 8 de mayo fue el turno de las damas, en una jornada que tambi\u00e9n destac\u00f3 por el compa\u00f1erismo, la energ\u00eda y el esp\u00edritu deportivo. Participaron los equipos femeninos del:<\/p>\n<ul data-start=\"1306\" data-end=\"1598\">\n<li class=\"\" data-start=\"1306\" data-end=\"1337\">\n<p class=\"\" data-start=\"1308\" data-end=\"1337\">Liceo Rep\u00fablica del Ecuador<\/p>\n<\/li>\n<li class=\"\" data-start=\"1338\" data-end=\"1365\">\n<p class=\"\" data-start=\"1340\" data-end=\"1365\">American Junior College<\/p>\n<\/li>\n<li class=\"\" data-start=\"1366\" data-end=\"1398\">\n<p class=\"\" data-start=\"1368\" data-end=\"1398\">Colegio Alem\u00e1n de Concepci\u00f3n<\/p>\n<\/li>\n<li class=\"\" data-start=\"1399\" data-end=\"1422\">\n<p class=\"\" data-start=\"1401\" data-end=\"1422\">Colegio San Ignacio<\/p>\n<\/li>\n<li class=\"\" data-start=\"1423\" data-end=\"1459\">\n<p class=\"\" data-start=\"1425\" data-end=\"1459\">Colegio Etchegoyen de Talcahuano<\/p>\n<\/li>\n<li class=\"\" data-start=\"1460\" data-end=\"1483\">\n<p class=\"\" data-start=\"1462\" data-end=\"1483\">Colegio San Joaqu\u00edn<\/p>\n<\/li>\n<li class=\"\" data-start=\"1484\" data-end=\"1521\">\n<p class=\"\" data-start=\"1486\" data-end=\"1521\">Escuela Recaredo Vigueras Araneda<\/p>\n<\/li>\n<li class=\"\" data-start=\"1522\" data-end=\"1553\">\n<p class=\"\" data-start=\"1524\" data-end=\"1553\">Colegio Almondale San Pedro<\/p>\n<\/li>\n<li class=\"\" data-start=\"1554\" data-end=\"1598\">\n<p class=\"\" data-start=\"1556\" data-end=\"1598\">Colegio Sagrados Corazones de Concepci\u00f3n<\/p>\n<\/li>\n<\/ul>\n<p class=\"\" data-start=\"1600\" data-end=\"1809\">Agradecemos a cada delegaci\u00f3n por su participaci\u00f3n, respeto y compromiso con el deporte escolar.<\/p>\n<p class=\"\" data-start=\"1600\" data-end=\"1809\">\u00a1Una semana llena de emoci\u00f3n y grandes encuentros que reflejan el esp\u00edritu ignaciano de apertura y encuentro!<\/p>\n","protected":false},"excerpt":{"rendered":"<p>Durante esta semana, nuestro gimnasio fue sede de las jornadas clasificatorias de los Juegos Escolares U14 de B\u00e1squetbol, tanto en la categor\u00eda varones como damas, reuniendo a estudiantes de diversos establecimientos educacionales de la regi\u00f3n. El martes 6 de mayo, se llev\u00f3 a cabo la jornada de varones, donde equipos de los siguientes colegios compitieron&hellip;<\/p>\n","protected":false},"author":1,"featured_media":9955,"comment_status":"closed","ping_status":"closed","sticky":false,"template":"","format":"standard","meta":[],"categories":[4],"tags":[],"_links":{"self":[{"href":"http:\/\/sanignacioconcepcion.cl\/sitio\/wp-json\/wp\/v2\/posts\/9954"}],"collection":[{"href":"http:\/\/sanignacioconcepcion.cl\/sitio\/wp-json\/wp\/v2\/posts"}],"about":[{"href":"http:\/\/sanignacioconcepcion.cl\/sitio\/wp-json\/wp\/v2\/types\/post"}],"author":[{"embeddable":true,"href":"http:\/\/sanignacioconcepcion.cl\/sitio\/wp-json\/wp\/v2\/users\/1"}],"replies":[{"embeddable":true,"href":"http:\/\/sanignacioconcepcion.cl\/sitio\/wp-json\/wp\/v2\/comments?post=9954"}],"version-history":[{"count":1,"href":"http:\/\/sanignacioconcepcion.cl\/sitio\/wp-json\/wp\/v2\/posts\/9954\/revisions"}],"predecessor-version":[{"id":9956,"href":"http:\/\/sanignacioconcepcion.cl\/sitio\/wp-json\/wp\/v2\/posts\/9954\/revisions\/9956"}],"wp:featuredmedia":[{"embeddable":true,"href":"http:\/\/sanignacioconcepcion.cl\/sitio\/wp-json\/wp\/v2\/media\/9955"}],"wp:attachment":[{"href":"http:\/\/sanignacioconcepcion.cl\/sitio\/wp-json\/wp\/v2\/media?parent=9954"}],"wp:term":[{"taxonomy":"category","embeddable":true,"href":"http:\/\/sanignacioconcepcion.cl\/sitio\/wp-json\/wp\/v2\/categories?post=9954"},{"taxonomy":"post_tag","embeddable":true,"href":"http:\/\/sanignacioconcepcion.cl\/sitio\/wp-json\/wp\/v2\/tags?post=9954"}],"curies":[{"name":"wp","href":"https:\/\/api.w.org\/{rel}","templated":true}]}}