{"id":9961,"date":"2025-05-13T10:32:00","date_gmt":"2025-05-13T14:32:00","guid":{"rendered":"https:\/\/sanignacioconcepcion.cl\/sitio\/?p=9961"},"modified":"2025-05-13T10:32:00","modified_gmt":"2025-05-13T14:32:00","slug":"dia-del-estudiante-en-el-sic","status":"publish","type":"post","link":"http:\/\/sanignacioconcepcion.cl\/sitio\/dia-del-estudiante-en-el-sic\/","title":{"rendered":"D\u00eda del estudiante en el SIC"},"content":{"rendered":"<p><span style=\"font-weight: 400;\">El lunes 12 de mayo celebramos con alegr\u00eda y entusiasmo el D\u00eda del Estudiante en el Colegio San Ignacio de Concepci\u00f3n. Cada ciclo vivi\u00f3 una jornada especial, preparada con cari\u00f1o por sus educadores para reconocer y festejar a nuestras y nuestros estudiantes.<\/span><\/p>\n<p>En el Ciclo Loyola, los juegos, las risas y la energ\u00eda marcaron la celebraci\u00f3n. Disfrutaron de un entretenido show y una animada fiesta fluor, que llen\u00f3 de color y alegr\u00eda cada rinc\u00f3n.<\/p>\n<p>En el Ciclo Manresa, el talento brill\u00f3 en el festival musical ManRECsa, donde la creatividad y la expresi\u00f3n art\u00edstica fueron protagonistas. Fue un espacio lleno de ritmo, emoci\u00f3n y comunidad.<\/p>\n<p>Por su parte, el Ciclo Roma inici\u00f3 la jornada participando en talleres como crochet, acuarelas, cine, entre otros, promoviendo la exploraci\u00f3n de intereses y habilidades. M\u00e1s tarde, vivieron una divertida y original edici\u00f3n del NotiSIC, un noticiero de humor donde los profesores se lucieron sobre el escenario, demostrando sus dotes art\u00edsticos y su compromiso con generar experiencias significativas.<\/p>\n<p>Agradecemos profundamente a todos quienes hicieron posible esta celebraci\u00f3n: docentes, asistentes y equipos de cada ciclo, quienes con dedicaci\u00f3n y creatividad organizaron estas actividades que reflejan nuestro esp\u00edritu ignaciano y fortalecen la convivencia, la alegr\u00eda y el sentido de comunidad. <a href=\"https:\/\/photos.app.goo.gl\/ELPYCQEPhmCDjjvv7\"><span style=\"color: #800000;\"><strong>Ver fotos<\/strong><\/span><\/a><\/p>\n","protected":false},"excerpt":{"rendered":"<p>El lunes 12 de mayo celebramos con alegr\u00eda y entusiasmo el D\u00eda del Estudiante en el Colegio San Ignacio de Concepci\u00f3n. Cada ciclo vivi\u00f3 una jornada especial, preparada con cari\u00f1o por sus educadores para reconocer y festejar a nuestras y nuestros estudiantes. En el Ciclo Loyola, los juegos, las risas y la energ\u00eda marcaron la&hellip;<\/p>\n","protected":false},"author":1,"featured_media":9962,"comment_status":"closed","ping_status":"closed","sticky":false,"template":"","format":"standard","meta":[],"categories":[4],"tags":[],"_links":{"self":[{"href":"http:\/\/sanignacioconcepcion.cl\/sitio\/wp-json\/wp\/v2\/posts\/9961"}],"collection":[{"href":"http:\/\/sanignacioconcepcion.cl\/sitio\/wp-json\/wp\/v2\/posts"}],"about":[{"href":"http:\/\/sanignacioconcepcion.cl\/sitio\/wp-json\/wp\/v2\/types\/post"}],"author":[{"embeddable":true,"href":"http:\/\/sanignacioconcepcion.cl\/sitio\/wp-json\/wp\/v2\/users\/1"}],"replies":[{"embeddable":true,"href":"http:\/\/sanignacioconcepcion.cl\/sitio\/wp-json\/wp\/v2\/comments?post=9961"}],"version-history":[{"count":1,"href":"http:\/\/sanignacioconcepcion.cl\/sitio\/wp-json\/wp\/v2\/posts\/9961\/revisions"}],"predecessor-version":[{"id":9963,"href":"http:\/\/sanignacioconcepcion.cl\/sitio\/wp-json\/wp\/v2\/posts\/9961\/revisions\/9963"}],"wp:featuredmedia":[{"embeddable":true,"href":"http:\/\/sanignacioconcepcion.cl\/sitio\/wp-json\/wp\/v2\/media\/9962"}],"wp:attachment":[{"href":"http:\/\/sanignacioconcepcion.cl\/sitio\/wp-json\/wp\/v2\/media?parent=9961"}],"wp:term":[{"taxonomy":"category","embeddable":true,"href":"http:\/\/sanignacioconcepcion.cl\/sitio\/wp-json\/wp\/v2\/categories?post=9961"},{"taxonomy":"post_tag","embeddable":true,"href":"http:\/\/sanignacioconcepcion.cl\/sitio\/wp-json\/wp\/v2\/tags?post=9961"}],"curies":[{"name":"wp","href":"https:\/\/api.w.org\/{rel}","templated":true}]}}