{"id":9964,"date":"2025-05-13T10:58:40","date_gmt":"2025-05-13T14:58:40","guid":{"rendered":"https:\/\/sanignacioconcepcion.cl\/sitio\/?p=9964"},"modified":"2025-05-13T10:58:40","modified_gmt":"2025-05-13T14:58:40","slug":"primera-jornada-de-analisis-de-resultados-de-aprendizajes-2025","status":"publish","type":"post","link":"http:\/\/sanignacioconcepcion.cl\/sitio\/primera-jornada-de-analisis-de-resultados-de-aprendizajes-2025\/","title":{"rendered":"Primera Jornada de An\u00e1lisis de Resultados de Aprendizajes 2025"},"content":{"rendered":"<p><span style=\"font-weight: 400;\">Este lunes 12 de mayo se llev\u00f3 a cabo la <\/span><b>Primera Jornada de An\u00e1lisis de Resultados de Aprendizajes<\/b><span style=\"font-weight: 400;\"> del a\u00f1o en el Colegio San Ignacio de Concepci\u00f3n. En esta instancia participaron todos los equipos acad\u00e9micos en un espacio de trabajo colaborativo.<\/span><\/p>\n<p><span style=\"font-weight: 400;\">La jornada tuvo como prop\u00f3sito analizar los resultados obtenidos en las evaluaciones diagn\u00f3sticas aplicadas al inicio del a\u00f1o escolar, entre ellas las evaluaciones curriculares internas, ensayos SIMCE y ensayos PAES.<\/span><\/p>\n<p><span style=\"font-weight: 400;\">Entre los principales objetivos de este encuentro se destacan:<\/span><\/p>\n<ul>\n<li style=\"font-weight: 400;\" aria-level=\"1\"><b>Detectar brechas de aprendizaje<\/b><span style=\"font-weight: 400;\"> y patrones de desempe\u00f1o por asignatura.<\/span><span style=\"font-weight: 400;\">\n<p><\/span><\/li>\n<li style=\"font-weight: 400;\" aria-level=\"1\"><b>Dise\u00f1ar acciones de re-ense\u00f1anza<\/b><span style=\"font-weight: 400;\">, especialmente en aquellos aprendizajes estrat\u00e9gicos que presentan mayor descenso.<\/span><span style=\"font-weight: 400;\">\n<p><\/span><\/li>\n<li style=\"font-weight: 400;\" aria-level=\"1\"><b>Monitorear la cobertura curricular<\/b><span style=\"font-weight: 400;\"> y establecer mecanismos de mejora continua para asegurar el cumplimiento de los aprendizajes definidos por el MINEDUC.<\/span><span style=\"font-weight: 400;\">\n<p><\/span><\/li>\n<\/ul>\n<p><span style=\"font-weight: 400;\">Paralelamente, el equipo del \u00e1rea de <\/span>Pastoral y Formaci\u00f3n realiz\u00f3 un an\u00e1lisis de los datos del D\u00eda Socioemocional<span style=\"font-weight: 400;\">, con el fin de seguir fortaleciendo el acompa\u00f1amiento integral de nuestros estudiantes, poniendo especial \u00e9nfasis en su bienestar emocional y desarrollo personal.<\/span><\/p>\n<p>&nbsp;<\/p>\n","protected":false},"excerpt":{"rendered":"<p>Este lunes 12 de mayo se llev\u00f3 a cabo la Primera Jornada de An\u00e1lisis de Resultados de Aprendizajes del a\u00f1o en el Colegio San Ignacio de Concepci\u00f3n. En esta instancia participaron todos los equipos acad\u00e9micos en un espacio de trabajo colaborativo. La jornada tuvo como prop\u00f3sito analizar los resultados obtenidos en las evaluaciones diagn\u00f3sticas aplicadas&hellip;<\/p>\n","protected":false},"author":1,"featured_media":9965,"comment_status":"closed","ping_status":"closed","sticky":false,"template":"","format":"standard","meta":[],"categories":[4],"tags":[],"_links":{"self":[{"href":"http:\/\/sanignacioconcepcion.cl\/sitio\/wp-json\/wp\/v2\/posts\/9964"}],"collection":[{"href":"http:\/\/sanignacioconcepcion.cl\/sitio\/wp-json\/wp\/v2\/posts"}],"about":[{"href":"http:\/\/sanignacioconcepcion.cl\/sitio\/wp-json\/wp\/v2\/types\/post"}],"author":[{"embeddable":true,"href":"http:\/\/sanignacioconcepcion.cl\/sitio\/wp-json\/wp\/v2\/users\/1"}],"replies":[{"embeddable":true,"href":"http:\/\/sanignacioconcepcion.cl\/sitio\/wp-json\/wp\/v2\/comments?post=9964"}],"version-history":[{"count":2,"href":"http:\/\/sanignacioconcepcion.cl\/sitio\/wp-json\/wp\/v2\/posts\/9964\/revisions"}],"predecessor-version":[{"id":9967,"href":"http:\/\/sanignacioconcepcion.cl\/sitio\/wp-json\/wp\/v2\/posts\/9964\/revisions\/9967"}],"wp:featuredmedia":[{"embeddable":true,"href":"http:\/\/sanignacioconcepcion.cl\/sitio\/wp-json\/wp\/v2\/media\/9965"}],"wp:attachment":[{"href":"http:\/\/sanignacioconcepcion.cl\/sitio\/wp-json\/wp\/v2\/media?parent=9964"}],"wp:term":[{"taxonomy":"category","embeddable":true,"href":"http:\/\/sanignacioconcepcion.cl\/sitio\/wp-json\/wp\/v2\/categories?post=9964"},{"taxonomy":"post_tag","embeddable":true,"href":"http:\/\/sanignacioconcepcion.cl\/sitio\/wp-json\/wp\/v2\/tags?post=9964"}],"curies":[{"name":"wp","href":"https:\/\/api.w.org\/{rel}","templated":true}]}}