{"id":9969,"date":"2025-05-13T16:08:35","date_gmt":"2025-05-13T20:08:35","guid":{"rendered":"https:\/\/sanignacioconcepcion.cl\/sitio\/?p=9969"},"modified":"2025-05-13T16:15:21","modified_gmt":"2025-05-13T20:15:21","slug":"misa-por-el-papa-leon-xiv-unidos-en-oracion-como-comunidad-ignaciana","status":"publish","type":"post","link":"http:\/\/sanignacioconcepcion.cl\/sitio\/misa-por-el-papa-leon-xiv-unidos-en-oracion-como-comunidad-ignaciana\/","title":{"rendered":"Misa por el Papa Le\u00f3n XIV: Unidos en oraci\u00f3n como comunidad ignaciana"},"content":{"rendered":"<p>La ma\u00f1ana de este lunes 13 de mayo, la comunidad del Colegio San Ignacio de Concepci\u00f3n se reuni\u00f3 en la capilla para celebrar una Eucarist\u00eda en acci\u00f3n de gracias por la elecci\u00f3n del Papa Le\u00f3n XIV, recientemente nombrado sucesor de Pedro y pastor de la Iglesia universal.<\/p>\n<p>Estudiantes, educadores y familiares se unieron en un mismo esp\u00edritu para elevar sus oraciones y agradecer a Dios por el inicio de este nuevo pontificado, encomendando a nuestro nuevo Papa en la misi\u00f3n que asume al servicio de la Iglesia.<\/p>\n<p><span style=\"font-weight: 400;\">Esta celebraci\u00f3n fue tambi\u00e9n una expresi\u00f3n de nuestra uni\u00f3n con la Iglesia: una sola comunidad de fe que trasciende fronteras, idiomas y culturas, y que camina junto a su nuevo pastor con esperanza, alegr\u00eda y compromiso. <a href=\"https:\/\/photos.app.goo.gl\/hBwrL6mPJtD2Ffxv6\"><span style=\"color: #800000;\"><strong>Ver fotos<\/strong><\/span><\/a><\/span><\/p>\n","protected":false},"excerpt":{"rendered":"<p>La ma\u00f1ana de este lunes 13 de mayo, la comunidad del Colegio San Ignacio de Concepci\u00f3n se reuni\u00f3 en la capilla para celebrar una Eucarist\u00eda en acci\u00f3n de gracias por la elecci\u00f3n del Papa Le\u00f3n XIV, recientemente nombrado sucesor de Pedro y pastor de la Iglesia universal. Estudiantes, educadores y familiares se unieron en un&hellip;<\/p>\n","protected":false},"author":1,"featured_media":9970,"comment_status":"closed","ping_status":"closed","sticky":false,"template":"","format":"standard","meta":[],"categories":[4],"tags":[],"_links":{"self":[{"href":"http:\/\/sanignacioconcepcion.cl\/sitio\/wp-json\/wp\/v2\/posts\/9969"}],"collection":[{"href":"http:\/\/sanignacioconcepcion.cl\/sitio\/wp-json\/wp\/v2\/posts"}],"about":[{"href":"http:\/\/sanignacioconcepcion.cl\/sitio\/wp-json\/wp\/v2\/types\/post"}],"author":[{"embeddable":true,"href":"http:\/\/sanignacioconcepcion.cl\/sitio\/wp-json\/wp\/v2\/users\/1"}],"replies":[{"embeddable":true,"href":"http:\/\/sanignacioconcepcion.cl\/sitio\/wp-json\/wp\/v2\/comments?post=9969"}],"version-history":[{"count":2,"href":"http:\/\/sanignacioconcepcion.cl\/sitio\/wp-json\/wp\/v2\/posts\/9969\/revisions"}],"predecessor-version":[{"id":9974,"href":"http:\/\/sanignacioconcepcion.cl\/sitio\/wp-json\/wp\/v2\/posts\/9969\/revisions\/9974"}],"wp:featuredmedia":[{"embeddable":true,"href":"http:\/\/sanignacioconcepcion.cl\/sitio\/wp-json\/wp\/v2\/media\/9970"}],"wp:attachment":[{"href":"http:\/\/sanignacioconcepcion.cl\/sitio\/wp-json\/wp\/v2\/media?parent=9969"}],"wp:term":[{"taxonomy":"category","embeddable":true,"href":"http:\/\/sanignacioconcepcion.cl\/sitio\/wp-json\/wp\/v2\/categories?post=9969"},{"taxonomy":"post_tag","embeddable":true,"href":"http:\/\/sanignacioconcepcion.cl\/sitio\/wp-json\/wp\/v2\/tags?post=9969"}],"curies":[{"name":"wp","href":"https:\/\/api.w.org\/{rel}","templated":true}]}}