{"id":9972,"date":"2025-05-13T16:11:21","date_gmt":"2025-05-13T20:11:21","guid":{"rendered":"https:\/\/sanignacioconcepcion.cl\/sitio\/?p=9972"},"modified":"2025-05-19T14:30:05","modified_gmt":"2025-05-19T18:30:05","slug":"mini-recital-de-4o-medios","status":"publish","type":"post","link":"http:\/\/sanignacioconcepcion.cl\/sitio\/mini-recital-de-4o-medios\/","title":{"rendered":"Mini Recital de 4\u00ba Medios"},"content":{"rendered":"<p>La ma\u00f1ana de este martes 13 de mayo, durante el primer recreo, el Patio de la Cruz se llen\u00f3 de m\u00fasica y talento con el Mini Recital de los 4\u00ba medios, una actividad enmarcada en la Semana de la Educaci\u00f3n Art\u00edstica, que busca promover la expresi\u00f3n y el desarrollo art\u00edstico en las comunidades escolares.<\/p>\n<p>Estudiantes de los tres cuartos medios \u2014Sof\u00eda S\u00e1ez, Sof\u00eda Gonz\u00e1lez, Victoria Araneda, Daniel Mart\u00ednez, Gabriel Soto, Javier Vega, Francisco Escobar y Florencia Bencente\u2014 ofrecieron un emotivo y potente repertorio musical que hizo vibrar a quienes asistieron.<\/p>\n<p>Interpretaciones vocales, instrumentales y momentos de gran sensibilidad art\u00edstica marcaron esta presentaci\u00f3n espont\u00e1nea y cercana.<\/p>\n<p>Estas instancias no solo celebran el arte, sino tambi\u00e9n fomentan espacios donde el talento, la creatividad y la identidad de nuestros estudiantes se expresan con libertad y alegr\u00eda. <a href=\"https:\/\/photos.app.goo.gl\/ZS3KMCv66gsaD1eXA\"><span style=\"color: #800000;\"><strong>Ver fotos<\/strong><\/span><\/a><\/p>\n","protected":false},"excerpt":{"rendered":"<p>La ma\u00f1ana de este martes 13 de mayo, durante el primer recreo, el Patio de la Cruz se llen\u00f3 de m\u00fasica y talento con el Mini Recital de los 4\u00ba medios, una actividad enmarcada en la Semana de la Educaci\u00f3n Art\u00edstica, que busca promover la expresi\u00f3n y el desarrollo art\u00edstico en las comunidades escolares. Estudiantes&hellip;<\/p>\n","protected":false},"author":1,"featured_media":9975,"comment_status":"closed","ping_status":"closed","sticky":false,"template":"","format":"standard","meta":[],"categories":[4],"tags":[],"_links":{"self":[{"href":"http:\/\/sanignacioconcepcion.cl\/sitio\/wp-json\/wp\/v2\/posts\/9972"}],"collection":[{"href":"http:\/\/sanignacioconcepcion.cl\/sitio\/wp-json\/wp\/v2\/posts"}],"about":[{"href":"http:\/\/sanignacioconcepcion.cl\/sitio\/wp-json\/wp\/v2\/types\/post"}],"author":[{"embeddable":true,"href":"http:\/\/sanignacioconcepcion.cl\/sitio\/wp-json\/wp\/v2\/users\/1"}],"replies":[{"embeddable":true,"href":"http:\/\/sanignacioconcepcion.cl\/sitio\/wp-json\/wp\/v2\/comments?post=9972"}],"version-history":[{"count":4,"href":"http:\/\/sanignacioconcepcion.cl\/sitio\/wp-json\/wp\/v2\/posts\/9972\/revisions"}],"predecessor-version":[{"id":9978,"href":"http:\/\/sanignacioconcepcion.cl\/sitio\/wp-json\/wp\/v2\/posts\/9972\/revisions\/9978"}],"wp:featuredmedia":[{"embeddable":true,"href":"http:\/\/sanignacioconcepcion.cl\/sitio\/wp-json\/wp\/v2\/media\/9975"}],"wp:attachment":[{"href":"http:\/\/sanignacioconcepcion.cl\/sitio\/wp-json\/wp\/v2\/media?parent=9972"}],"wp:term":[{"taxonomy":"category","embeddable":true,"href":"http:\/\/sanignacioconcepcion.cl\/sitio\/wp-json\/wp\/v2\/categories?post=9972"},{"taxonomy":"post_tag","embeddable":true,"href":"http:\/\/sanignacioconcepcion.cl\/sitio\/wp-json\/wp\/v2\/tags?post=9972"}],"curies":[{"name":"wp","href":"https:\/\/api.w.org\/{rel}","templated":true}]}}