{"id":9980,"date":"2025-05-16T13:54:33","date_gmt":"2025-05-16T17:54:33","guid":{"rendered":"https:\/\/sanignacioconcepcion.cl\/sitio\/?p=9980"},"modified":"2025-05-16T13:54:33","modified_gmt":"2025-05-16T17:54:33","slug":"casi-roma-conmemora-el-dia-internacional-contra-la-homofobia-la-transfobia-y-la-bifobia","status":"publish","type":"post","link":"http:\/\/sanignacioconcepcion.cl\/sitio\/casi-roma-conmemora-el-dia-internacional-contra-la-homofobia-la-transfobia-y-la-bifobia\/","title":{"rendered":"CASI Roma conmemora el D\u00eda Internacional contra la Homofobia, la Transfobia y la Bifobia"},"content":{"rendered":"<p><span style=\"font-weight: 400;\">Este viernes 16 de mayo, durante el primer recreo, el CASI Roma llev\u00f3 a cabo una significativa conmemoraci\u00f3n del D\u00eda Internacional contra la Homofobia, la Transfobia y la Bifobia.<\/span><\/p>\n<p><span style=\"font-weight: 400;\">Josefa Carvajal, del ministerio de la Diversidad, dijo que quisieron<\/span><span style=\"font-weight: 400;\"> conmemorar este d\u00eda porque \u201cestas formas de discriminaci\u00f3n siguen presentes en muchos espacios y queremos que el colegio sea un lugar seguro, donde todas y todos puedan sentirse c\u00f3modos para expresarse libremente\u00bb.<\/span><\/p>\n<p><span style=\"font-weight: 400;\">Por su parte, el capell\u00e1n del colegio, P. Juan Pablo Moyano SJ, destac\u00f3 que \u201ce<\/span><span style=\"font-weight: 400;\">ste d\u00eda es una invitaci\u00f3n a comprometernos contra toda forma de intolerancia y a favor del respeto por cada persona. Queremos que nos muevan los valores de la inclusi\u00f3n, el respeto y la tolerancia, pilares fundamentales de nuestra comunidad educativa\u00bb.<\/span><\/p>\n<p><span style=\"font-weight: 400;\">El D\u00eda Internacional contra la Homofobia, la Transfobia y la Bifobia se conmemora cada 17 de mayo y busca visibilizar las violencias y discriminaciones que sufren las personas LGBTIQ+ en todo el mundo. Es una oportunidad para promover el respeto a la diversidad, sensibilizar sobre los derechos humanos y reforzar el compromiso de construir espacios m\u00e1s justos, seguros e inclusivos para todas las personas. <a href=\"https:\/\/photos.app.goo.gl\/bne6GEfiXJGwzsWz5\"><span style=\"color: #800000;\"><strong>Ver fotos<\/strong><\/span><\/a><\/span><\/p>\n","protected":false},"excerpt":{"rendered":"<p>Este viernes 16 de mayo, durante el primer recreo, el CASI Roma llev\u00f3 a cabo una significativa conmemoraci\u00f3n del D\u00eda Internacional contra la Homofobia, la Transfobia y la Bifobia. Josefa Carvajal, del ministerio de la Diversidad, dijo que quisieron conmemorar este d\u00eda porque \u201cestas formas de discriminaci\u00f3n siguen presentes en muchos espacios y queremos que&hellip;<\/p>\n","protected":false},"author":1,"featured_media":9981,"comment_status":"closed","ping_status":"closed","sticky":false,"template":"","format":"standard","meta":[],"categories":[4],"tags":[],"_links":{"self":[{"href":"http:\/\/sanignacioconcepcion.cl\/sitio\/wp-json\/wp\/v2\/posts\/9980"}],"collection":[{"href":"http:\/\/sanignacioconcepcion.cl\/sitio\/wp-json\/wp\/v2\/posts"}],"about":[{"href":"http:\/\/sanignacioconcepcion.cl\/sitio\/wp-json\/wp\/v2\/types\/post"}],"author":[{"embeddable":true,"href":"http:\/\/sanignacioconcepcion.cl\/sitio\/wp-json\/wp\/v2\/users\/1"}],"replies":[{"embeddable":true,"href":"http:\/\/sanignacioconcepcion.cl\/sitio\/wp-json\/wp\/v2\/comments?post=9980"}],"version-history":[{"count":1,"href":"http:\/\/sanignacioconcepcion.cl\/sitio\/wp-json\/wp\/v2\/posts\/9980\/revisions"}],"predecessor-version":[{"id":9982,"href":"http:\/\/sanignacioconcepcion.cl\/sitio\/wp-json\/wp\/v2\/posts\/9980\/revisions\/9982"}],"wp:featuredmedia":[{"embeddable":true,"href":"http:\/\/sanignacioconcepcion.cl\/sitio\/wp-json\/wp\/v2\/media\/9981"}],"wp:attachment":[{"href":"http:\/\/sanignacioconcepcion.cl\/sitio\/wp-json\/wp\/v2\/media?parent=9980"}],"wp:term":[{"taxonomy":"category","embeddable":true,"href":"http:\/\/sanignacioconcepcion.cl\/sitio\/wp-json\/wp\/v2\/categories?post=9980"},{"taxonomy":"post_tag","embeddable":true,"href":"http:\/\/sanignacioconcepcion.cl\/sitio\/wp-json\/wp\/v2\/tags?post=9980"}],"curies":[{"name":"wp","href":"https:\/\/api.w.org\/{rel}","templated":true}]}}