{"id":9983,"date":"2025-05-16T14:37:19","date_gmt":"2025-05-16T18:37:19","guid":{"rendered":"https:\/\/sanignacioconcepcion.cl\/sitio\/?p=9983"},"modified":"2025-05-16T14:37:19","modified_gmt":"2025-05-16T18:37:19","slug":"encuentro-con-el-arte-estudiantes-conversan-con-el-escultor-chileno-augusto-acosta","status":"publish","type":"post","link":"http:\/\/sanignacioconcepcion.cl\/sitio\/encuentro-con-el-arte-estudiantes-conversan-con-el-escultor-chileno-augusto-acosta\/","title":{"rendered":"Encuentro con el arte: estudiantes conversan con el escultor chileno Augusto Acosta"},"content":{"rendered":"<p><span style=\"font-weight: 400;\">Hoy, como cierre de la Semana de la Educaci\u00f3n Art\u00edstica, los y las estudiantes de 4\u00ba medio participaron en un conversatorio especial junto al escultor chileno Augusto Acosta, en el marco de la asignatura de Artes Visuales, Audiovisuales y Multimediales.<\/span><\/p>\n<p><span style=\"font-weight: 400;\">Durante la actividad, Acosta comparti\u00f3 su experiencia como artista, el proceso creativo detr\u00e1s de su obra y reflexion\u00f3 sobre el rol del arte en la sociedad actual. Los estudiantes tuvieron la oportunidad de dialogar con \u00e9l, hacer preguntas y conocer de cerca la mirada de un creador que ha trabajado con diversos materiales y tem\u00e1ticas.<\/span><\/p>\n<p><span style=\"font-weight: 400;\">Esta instancia fue una valiosa oportunidad para reforzar el v\u00ednculo entre la formaci\u00f3n art\u00edstica y el pensamiento cr\u00edtico.<\/span><\/p>\n<p>&nbsp;<\/p>\n<p>&nbsp;<\/p>\n","protected":false},"excerpt":{"rendered":"<p>Hoy, como cierre de la Semana de la Educaci\u00f3n Art\u00edstica, los y las estudiantes de 4\u00ba medio participaron en un conversatorio especial junto al escultor chileno Augusto Acosta, en el marco de la asignatura de Artes Visuales, Audiovisuales y Multimediales. Durante la actividad, Acosta comparti\u00f3 su experiencia como artista, el proceso creativo detr\u00e1s de su&hellip;<\/p>\n","protected":false},"author":1,"featured_media":9984,"comment_status":"closed","ping_status":"closed","sticky":false,"template":"","format":"standard","meta":[],"categories":[4],"tags":[],"_links":{"self":[{"href":"http:\/\/sanignacioconcepcion.cl\/sitio\/wp-json\/wp\/v2\/posts\/9983"}],"collection":[{"href":"http:\/\/sanignacioconcepcion.cl\/sitio\/wp-json\/wp\/v2\/posts"}],"about":[{"href":"http:\/\/sanignacioconcepcion.cl\/sitio\/wp-json\/wp\/v2\/types\/post"}],"author":[{"embeddable":true,"href":"http:\/\/sanignacioconcepcion.cl\/sitio\/wp-json\/wp\/v2\/users\/1"}],"replies":[{"embeddable":true,"href":"http:\/\/sanignacioconcepcion.cl\/sitio\/wp-json\/wp\/v2\/comments?post=9983"}],"version-history":[{"count":1,"href":"http:\/\/sanignacioconcepcion.cl\/sitio\/wp-json\/wp\/v2\/posts\/9983\/revisions"}],"predecessor-version":[{"id":9985,"href":"http:\/\/sanignacioconcepcion.cl\/sitio\/wp-json\/wp\/v2\/posts\/9983\/revisions\/9985"}],"wp:featuredmedia":[{"embeddable":true,"href":"http:\/\/sanignacioconcepcion.cl\/sitio\/wp-json\/wp\/v2\/media\/9984"}],"wp:attachment":[{"href":"http:\/\/sanignacioconcepcion.cl\/sitio\/wp-json\/wp\/v2\/media?parent=9983"}],"wp:term":[{"taxonomy":"category","embeddable":true,"href":"http:\/\/sanignacioconcepcion.cl\/sitio\/wp-json\/wp\/v2\/categories?post=9983"},{"taxonomy":"post_tag","embeddable":true,"href":"http:\/\/sanignacioconcepcion.cl\/sitio\/wp-json\/wp\/v2\/tags?post=9983"}],"curies":[{"name":"wp","href":"https:\/\/api.w.org\/{rel}","templated":true}]}}