{"id":9986,"date":"2025-05-16T14:45:34","date_gmt":"2025-05-16T18:45:34","guid":{"rendered":"https:\/\/sanignacioconcepcion.cl\/sitio\/?p=9986"},"modified":"2025-05-16T14:45:34","modified_gmt":"2025-05-16T18:45:34","slug":"visita-del-centro-de-prevencion-y-reparacion-de-abusos-cpr","status":"publish","type":"post","link":"http:\/\/sanignacioconcepcion.cl\/sitio\/visita-del-centro-de-prevencion-y-reparacion-de-abusos-cpr\/","title":{"rendered":"Visita del Centro de Prevenci\u00f3n y Reparaci\u00f3n de Abusos (CPR)"},"content":{"rendered":"<p class=\"\" data-start=\"173\" data-end=\"533\">Hoy nos visitaron Larry Y\u00e9venes, sacerdote jesuita, y Claudia Gonz\u00e1lez, psic\u00f3loga del Centro de Prevenci\u00f3n y Reparaci\u00f3n de Abusos (CPR) de la Compa\u00f1\u00eda de Jes\u00fas. Esta visita forma parte de una de las misiones del CPR, que es acompa\u00f1ar a las instituciones en la evaluaci\u00f3n y fortalecimiento de sus est\u00e1ndares de prevenci\u00f3n y acci\u00f3n frente a situaciones de abuso.<\/p>\n<p class=\"\" data-start=\"535\" data-end=\"766\">El trabajo del CPR no se limita a los colegios, sino que abarca a todas las instituciones vinculadas a la Compa\u00f1\u00eda de Jes\u00fas, con el fin de identificar buenas pr\u00e1cticas y proponer mejoras que fortalezcan espacios seguros para todos.<\/p>\n<p class=\"\" data-start=\"768\" data-end=\"1026\">Durante la jornada se llevaron a cabo distintas actividades, tales como focus groups con estudiantes y educadores, adem\u00e1s de un recorrido por las instalaciones del colegio, entre otras acciones orientadas a conocer la realidad de nuestra comunidad educativa.<\/p>\n","protected":false},"excerpt":{"rendered":"<p>Hoy nos visitaron Larry Y\u00e9venes, sacerdote jesuita, y Claudia Gonz\u00e1lez, psic\u00f3loga del Centro de Prevenci\u00f3n y Reparaci\u00f3n de Abusos (CPR) de la Compa\u00f1\u00eda de Jes\u00fas. Esta visita forma parte de una de las misiones del CPR, que es acompa\u00f1ar a las instituciones en la evaluaci\u00f3n y fortalecimiento de sus est\u00e1ndares de prevenci\u00f3n y acci\u00f3n frente&hellip;<\/p>\n","protected":false},"author":1,"featured_media":9987,"comment_status":"closed","ping_status":"closed","sticky":false,"template":"","format":"standard","meta":[],"categories":[4],"tags":[],"_links":{"self":[{"href":"http:\/\/sanignacioconcepcion.cl\/sitio\/wp-json\/wp\/v2\/posts\/9986"}],"collection":[{"href":"http:\/\/sanignacioconcepcion.cl\/sitio\/wp-json\/wp\/v2\/posts"}],"about":[{"href":"http:\/\/sanignacioconcepcion.cl\/sitio\/wp-json\/wp\/v2\/types\/post"}],"author":[{"embeddable":true,"href":"http:\/\/sanignacioconcepcion.cl\/sitio\/wp-json\/wp\/v2\/users\/1"}],"replies":[{"embeddable":true,"href":"http:\/\/sanignacioconcepcion.cl\/sitio\/wp-json\/wp\/v2\/comments?post=9986"}],"version-history":[{"count":1,"href":"http:\/\/sanignacioconcepcion.cl\/sitio\/wp-json\/wp\/v2\/posts\/9986\/revisions"}],"predecessor-version":[{"id":9988,"href":"http:\/\/sanignacioconcepcion.cl\/sitio\/wp-json\/wp\/v2\/posts\/9986\/revisions\/9988"}],"wp:featuredmedia":[{"embeddable":true,"href":"http:\/\/sanignacioconcepcion.cl\/sitio\/wp-json\/wp\/v2\/media\/9987"}],"wp:attachment":[{"href":"http:\/\/sanignacioconcepcion.cl\/sitio\/wp-json\/wp\/v2\/media?parent=9986"}],"wp:term":[{"taxonomy":"category","embeddable":true,"href":"http:\/\/sanignacioconcepcion.cl\/sitio\/wp-json\/wp\/v2\/categories?post=9986"},{"taxonomy":"post_tag","embeddable":true,"href":"http:\/\/sanignacioconcepcion.cl\/sitio\/wp-json\/wp\/v2\/tags?post=9986"}],"curies":[{"name":"wp","href":"https:\/\/api.w.org\/{rel}","templated":true}]}}