{"id":9990,"date":"2025-05-19T12:09:06","date_gmt":"2025-05-19T16:09:06","guid":{"rendered":"https:\/\/sanignacioconcepcion.cl\/sitio\/?p=9990"},"modified":"2025-05-19T14:26:33","modified_gmt":"2025-05-19T18:26:33","slug":"charla-para-apoderados-claves-para-acompanar-el-bienestar-emocional-de-nuestros-as-hijos-as","status":"publish","type":"post","link":"http:\/\/sanignacioconcepcion.cl\/sitio\/charla-para-apoderados-claves-para-acompanar-el-bienestar-emocional-de-nuestros-as-hijos-as\/","title":{"rendered":"Charla para apoderados: Claves para acompa\u00f1ar el bienestar emocional de nuestros\/as hijos\/as"},"content":{"rendered":"<p>El pasado jueves 15 de mayo, se realiz\u00f3 en nuestro establecimiento la charla \u201c<i>Claves para acompa\u00f1ar el bienestar emocional de nuestros\/as hijos\/as<\/i>\u201d, dirigida a los apoderados y apoderadas de 5\u00ba y 6\u00ba b\u00e1sico, con invitaci\u00f3n abierta a 7\u00ba b\u00e1sico.<\/p>\n<p>La actividad fue impartida por la psic\u00f3loga Ana Carolina Hern\u00e1ndez Fern\u00e1ndez, especialista en educaci\u00f3n emocional y neurociencias aplicadas, quien entreg\u00f3 herramientas valiosas para fortalecer el v\u00ednculo afectivo con los hijos\/as y promover su bienestar emocional desde el hogar.<\/p>\n<p>Agradecemos la participaci\u00f3n activa de las familias y el compromiso con el desarrollo integral de nuestros estudiantes. <a href=\"https:\/\/photos.app.goo.gl\/8Sf949Ny5o4GAHbY7\"><span style=\"color: #800000;\"><strong>Ver fotos<\/strong><\/span><\/a><\/p>\n","protected":false},"excerpt":{"rendered":"<p>El pasado jueves 15 de mayo, se realiz\u00f3 en nuestro establecimiento la charla \u201cClaves para acompa\u00f1ar el bienestar emocional de nuestros\/as hijos\/as\u201d, dirigida a los apoderados y apoderadas de 5\u00ba y 6\u00ba b\u00e1sico, con invitaci\u00f3n abierta a 7\u00ba b\u00e1sico. La actividad fue impartida por la psic\u00f3loga Ana Carolina Hern\u00e1ndez Fern\u00e1ndez, especialista en educaci\u00f3n emocional y&hellip;<\/p>\n","protected":false},"author":1,"featured_media":9996,"comment_status":"closed","ping_status":"closed","sticky":false,"template":"","format":"standard","meta":[],"categories":[4],"tags":[],"_links":{"self":[{"href":"http:\/\/sanignacioconcepcion.cl\/sitio\/wp-json\/wp\/v2\/posts\/9990"}],"collection":[{"href":"http:\/\/sanignacioconcepcion.cl\/sitio\/wp-json\/wp\/v2\/posts"}],"about":[{"href":"http:\/\/sanignacioconcepcion.cl\/sitio\/wp-json\/wp\/v2\/types\/post"}],"author":[{"embeddable":true,"href":"http:\/\/sanignacioconcepcion.cl\/sitio\/wp-json\/wp\/v2\/users\/1"}],"replies":[{"embeddable":true,"href":"http:\/\/sanignacioconcepcion.cl\/sitio\/wp-json\/wp\/v2\/comments?post=9990"}],"version-history":[{"count":3,"href":"http:\/\/sanignacioconcepcion.cl\/sitio\/wp-json\/wp\/v2\/posts\/9990\/revisions"}],"predecessor-version":[{"id":9997,"href":"http:\/\/sanignacioconcepcion.cl\/sitio\/wp-json\/wp\/v2\/posts\/9990\/revisions\/9997"}],"wp:featuredmedia":[{"embeddable":true,"href":"http:\/\/sanignacioconcepcion.cl\/sitio\/wp-json\/wp\/v2\/media\/9996"}],"wp:attachment":[{"href":"http:\/\/sanignacioconcepcion.cl\/sitio\/wp-json\/wp\/v2\/media?parent=9990"}],"wp:term":[{"taxonomy":"category","embeddable":true,"href":"http:\/\/sanignacioconcepcion.cl\/sitio\/wp-json\/wp\/v2\/categories?post=9990"},{"taxonomy":"post_tag","embeddable":true,"href":"http:\/\/sanignacioconcepcion.cl\/sitio\/wp-json\/wp\/v2\/tags?post=9990"}],"curies":[{"name":"wp","href":"https:\/\/api.w.org\/{rel}","templated":true}]}}