{"id":9992,"date":"2025-05-19T12:09:49","date_gmt":"2025-05-19T16:09:49","guid":{"rendered":"https:\/\/sanignacioconcepcion.cl\/sitio\/?p=9992"},"modified":"2025-05-19T14:29:16","modified_gmt":"2025-05-19T18:29:16","slug":"jornada-para-padres-un-espacio-de-encuentro-y-reflexio","status":"publish","type":"post","link":"http:\/\/sanignacioconcepcion.cl\/sitio\/jornada-para-padres-un-espacio-de-encuentro-y-reflexio\/","title":{"rendered":"Jornada para padres: Un Espacio de Encuentro y Reflexi\u00f3"},"content":{"rendered":"<p><span style=\"font-weight: 400;\">El pasado s\u00e1bado 17 de mayo se llev\u00f3 a cabo una jornada especial dirigida a los padres y apoderados de la generaci\u00f3n 1\u00b0 medio 2025, cuyo objetivo principal fue fomentar el conocimiento mutuo entre las familias, crear un ambiente de colaboraci\u00f3n y fraternidad, y reflexionar sobre la importancia del v\u00ednculo y la comunicaci\u00f3n con los hijos e hijas. Adem\u00e1s, se promovi\u00f3 la oraci\u00f3n como un espacio de encuentro y agradecimiento tanto en el curso como en el \u00e1mbito familiar.<\/span><\/p>\n<p><span style=\"font-weight: 400;\">El equipo organizador evalu\u00f3 positivamente la jornada, ya que se lograron los objetivos planteados. Sin embargo, la participaci\u00f3n fue baja, con solo ocho familias asistiendo a esta invitaci\u00f3n voluntaria. Esta baja asistencia pone en evidencia un preocupante desinter\u00e9s y falta de corresponsabilidad en la educaci\u00f3n, especialmente considerando que estos padres suelen ser muy exigentes respecto a las situaciones de convivencia escolar en el colegio.<\/span><\/p>\n<p><span style=\"font-weight: 400;\">Esta experiencia invita a reflexionar sobre la importancia de fortalecer la alianza entre familias y establecimiento para asegurar un apoyo conjunto en el desarrollo integral de los estudiantes. <a href=\"https:\/\/photos.app.goo.gl\/UBuYqyKMZUg6QTkY6\"><span style=\"color: #800000;\"><strong>Ver fotos<\/strong><\/span><\/a><\/span><\/p>\n","protected":false},"excerpt":{"rendered":"<p>El pasado s\u00e1bado 17 de mayo se llev\u00f3 a cabo una jornada especial dirigida a los padres y apoderados de la generaci\u00f3n 1\u00b0 medio 2025, cuyo objetivo principal fue fomentar el conocimiento mutuo entre las familias, crear un ambiente de colaboraci\u00f3n y fraternidad, y reflexionar sobre la importancia del v\u00ednculo y la comunicaci\u00f3n con los&hellip;<\/p>\n","protected":false},"author":1,"featured_media":9999,"comment_status":"closed","ping_status":"closed","sticky":false,"template":"","format":"standard","meta":[],"categories":[4],"tags":[],"_links":{"self":[{"href":"http:\/\/sanignacioconcepcion.cl\/sitio\/wp-json\/wp\/v2\/posts\/9992"}],"collection":[{"href":"http:\/\/sanignacioconcepcion.cl\/sitio\/wp-json\/wp\/v2\/posts"}],"about":[{"href":"http:\/\/sanignacioconcepcion.cl\/sitio\/wp-json\/wp\/v2\/types\/post"}],"author":[{"embeddable":true,"href":"http:\/\/sanignacioconcepcion.cl\/sitio\/wp-json\/wp\/v2\/users\/1"}],"replies":[{"embeddable":true,"href":"http:\/\/sanignacioconcepcion.cl\/sitio\/wp-json\/wp\/v2\/comments?post=9992"}],"version-history":[{"count":3,"href":"http:\/\/sanignacioconcepcion.cl\/sitio\/wp-json\/wp\/v2\/posts\/9992\/revisions"}],"predecessor-version":[{"id":10000,"href":"http:\/\/sanignacioconcepcion.cl\/sitio\/wp-json\/wp\/v2\/posts\/9992\/revisions\/10000"}],"wp:featuredmedia":[{"embeddable":true,"href":"http:\/\/sanignacioconcepcion.cl\/sitio\/wp-json\/wp\/v2\/media\/9999"}],"wp:attachment":[{"href":"http:\/\/sanignacioconcepcion.cl\/sitio\/wp-json\/wp\/v2\/media?parent=9992"}],"wp:term":[{"taxonomy":"category","embeddable":true,"href":"http:\/\/sanignacioconcepcion.cl\/sitio\/wp-json\/wp\/v2\/categories?post=9992"},{"taxonomy":"post_tag","embeddable":true,"href":"http:\/\/sanignacioconcepcion.cl\/sitio\/wp-json\/wp\/v2\/tags?post=9992"}],"curies":[{"name":"wp","href":"https:\/\/api.w.org\/{rel}","templated":true}]}}